{"id":25712,"date":"2020-01-16T13:49:31","date_gmt":"2020-01-16T13:49:31","guid":{"rendered":"https:\/\/sertv.gob.pa\/crisolfm\/?p=25712"},"modified":"2020-01-16T13:49:31","modified_gmt":"2020-01-16T13:49:31","slug":"empresario-espanol-compra-el-polemico-cuadro-de-zapata-desnudo-y-con-tacones","status":"publish","type":"post","link":"https:\/\/sertv.gob.pa\/crisolfm\/empresario-espanol-compra-el-polemico-cuadro-de-zapata-desnudo-y-con-tacones\/","title":{"rendered":"Empresario espa\u00f1ol compra el pol\u00e9mico cuadro de Zapata desnudo y con tacones"},"content":{"rendered":"<p>El empresario espa\u00f1ol Tatxo Benet a\u00f1adi\u00f3 recientemente una nueva obra a su colecci\u00f3n de arte \u00abpol\u00e9mico\u00bb gracias a la adquisici\u00f3n de \u00abLa Revoluci\u00f3n\u00bb, de Fabi\u00e1n Chairez, un cuadro que muestra a Emiliano Zapata desnudo y con tacones y que despert\u00f3 numerosas cr\u00edticas en M\u00e9xico.<\/p>\n<p>En declaraciones a Efe, Benet explica que la obra le interesa por la \u00abcensura\u00bb que se cierne sobre ella y por las muestras de desaprobaci\u00f3n que gener\u00f3 desde que sali\u00f3 a la luz a finales de noviembre con la muestra \u00abEmiliano: Zapata despu\u00e9s de Zapata\u00bb, en el museo del Palacio de Bellas Artes de Ciudad de M\u00e9xico.<\/p>\n<p>La pintura representa a Emiliano Zapata, considerado como uno de los l\u00edderes m\u00e1s importantes de la Revoluci\u00f3n mexicana, cabalgando desnudo, con zapatos de tac\u00f3n y un sombrero rosa, a lomos de un caballo blanco.<\/p>\n<p>La familia del revolucionario vio como una ofensa la obra de Fabi\u00e1n Chairez y acus\u00f3 al autor de da\u00f1ar la dignidad de Zapata, mientras que diversos usuarios se sumaron a las cr\u00edticas en las redes sociales publicando comentarios hom\u00f3fobos.<\/p>\n<p>El enojo lleg\u00f3 tambi\u00e9n a organizaciones campesinas de M\u00e9xico, que pidieron que el cuadro fuera retirado de la exposici\u00f3n y de todos los carteles propagand\u00edsticos donde aparece.<\/p>\n<p>El empresario y periodista Tatxo Benet, directivo del grupo Mediapro, se mostr\u00f3 muy satisfecho con la adquisici\u00f3n de la obra \u00abLa Revoluci\u00f3n\u00bb al considerarla \u00abfundamental\u00bb para su colecci\u00f3n de arte, formada por unas 70 piezas \u00abque han sido censuradas por cualquier motivo o grupo de presi\u00f3n\u00bb.<\/p>\n<p>EFE<\/p>\n","protected":false},"excerpt":{"rendered":"<p>El empresario espa\u00f1ol Tatxo Benet a\u00f1adi\u00f3 recientemente una nueva obra <a href=\"https:\/\/sertv.gob.pa\/crisolfm\/empresario-espanol-compra-el-polemico-cuadro-de-zapata-desnudo-y-con-tacones\/\"> [&#8230;]<\/a><\/p>\n","protected":false},"author":64,"featured_media":25713,"comment_status":"closed","ping_status":"closed","sticky":false,"template":"","format":"standard","meta":{"footnotes":""},"categories":[6],"tags":[],"class_list":["post-25712","post","type-post","status-publish","format-standard","has-post-thumbnail","hentry","category-culturales"],"_links":{"self":[{"href":"https:\/\/sertv.gob.pa\/crisolfm\/wp-json\/wp\/v2\/posts\/25712","targetHints":{"allow":["GET"]}}],"collection":[{"href":"https:\/\/sertv.gob.pa\/crisolfm\/wp-json\/wp\/v2\/posts"}],"about":[{"href":"https:\/\/sertv.gob.pa\/crisolfm\/wp-json\/wp\/v2\/types\/post"}],"author":[{"embeddable":true,"href":"https:\/\/sertv.gob.pa\/crisolfm\/wp-json\/wp\/v2\/users\/64"}],"replies":[{"embeddable":true,"href":"https:\/\/sertv.gob.pa\/crisolfm\/wp-json\/wp\/v2\/comments?post=25712"}],"version-history":[{"count":1,"href":"https:\/\/sertv.gob.pa\/crisolfm\/wp-json\/wp\/v2\/posts\/25712\/revisions"}],"predecessor-version":[{"id":25714,"href":"https:\/\/sertv.gob.pa\/crisolfm\/wp-json\/wp\/v2\/posts\/25712\/revisions\/25714"}],"wp:featuredmedia":[{"embeddable":true,"href":"https:\/\/sertv.gob.pa\/crisolfm\/wp-json\/wp\/v2\/media\/25713"}],"wp:attachment":[{"href":"https:\/\/sertv.gob.pa\/crisolfm\/wp-json\/wp\/v2\/media?parent=25712"}],"wp:term":[{"taxonomy":"category","embeddable":true,"href":"https:\/\/sertv.gob.pa\/crisolfm\/wp-json\/wp\/v2\/categories?post=25712"},{"taxonomy":"post_tag","embeddable":true,"href":"https:\/\/sertv.gob.pa\/crisolfm\/wp-json\/wp\/v2\/tags?post=25712"}],"curies":[{"name":"wp","href":"https:\/\/api.w.org\/{rel}","templated":true}]}}