{"id":25721,"date":"2020-01-16T14:28:50","date_gmt":"2020-01-16T14:28:50","guid":{"rendered":"https:\/\/sertv.gob.pa\/crisolfm\/?p=25721"},"modified":"2020-01-16T14:28:50","modified_gmt":"2020-01-16T14:28:50","slug":"octavo-festival-de-cerveza-artesanal-se-realizara-a-mediados-de-febrero-2020","status":"publish","type":"post","link":"https:\/\/sertv.gob.pa\/crisolfm\/octavo-festival-de-cerveza-artesanal-se-realizara-a-mediados-de-febrero-2020\/","title":{"rendered":"Octavo festival de cerveza artesanal se realizar\u00e1 a mediados de febrero 2020"},"content":{"rendered":"<p>La octava versi\u00f3n del Micro Brew Fest (MBF) llega esta temporada seca del a\u00f1o\u00a02020 renovado y con nueva casa, en el Parque de Los Lagos en Ciudad del Saber. El evento que re\u00fane a los amantes de la cerveza se realizar\u00e1 del 14 al 15 de febrero.<\/p>\n<p>El festival convoc\u00f3 las mejores ofertas de cerveza artesanal de productores e importadores internacionales y locales, con el prop\u00f3sito de ofrecer a todos los asistentes un espacio para disfrutar 2 d\u00edas de m\u00fasica, rica comida y con la mayor congregaci\u00f3n de cervezas artesanales. El MBF est\u00e1 dise\u00f1ado para disfrutar junto a familiares, amistades y mascotas.<\/p>\n<p>Teddy F\u00e1brega, uno de los organizadores del MBF dijo que \u00abestamos en nuestra octava edici\u00f3n y cada a\u00f1o buscamos innovar, con el fin de brindar un festival de altura. El Micro Brew Fest ha tenido un crecimiento agigantado y este a\u00f1o tendremos m\u00e1s de 200 referencias de diferentes tipos de cervezas\u00bb.<\/p>\n<p>F\u00e1brega a\u00f1adi\u00f3 que habr\u00e1 37 puestos de cervezas de distintos pa\u00edses, adem\u00e1s de 15 puestos de comida.<\/p>\n<p>Una de las iniciativas que cada a\u00f1o va tomando mayor fuerza es el masterclass que se realiza en el marco del festival, y en esta octava edici\u00f3n es organizado por Kathinka Labs, Laboratorio latinoamericano de Control de Calidad y Microbiolog\u00eda. El masterclass ser\u00e1 sobre madera y cerveza; participar\u00e1n expertos nacionales e internacionales, que impartan conocimiento a aquellos que se dedican al negocio de la cerveza artesanal o a quienes tengan inter\u00e9s general en conocer m\u00e1s sobre el tema.<\/p>\n<p>&nbsp;<\/p>\n","protected":false},"excerpt":{"rendered":"<p>La octava versi\u00f3n del Micro Brew Fest (MBF) llega esta <a href=\"https:\/\/sertv.gob.pa\/crisolfm\/octavo-festival-de-cerveza-artesanal-se-realizara-a-mediados-de-febrero-2020\/\"> [&#8230;]<\/a><\/p>\n","protected":false},"author":64,"featured_media":25722,"comment_status":"closed","ping_status":"closed","sticky":false,"template":"","format":"standard","meta":{"footnotes":""},"categories":[6],"tags":[],"class_list":["post-25721","post","type-post","status-publish","format-standard","has-post-thumbnail","hentry","category-culturales"],"_links":{"self":[{"href":"https:\/\/sertv.gob.pa\/crisolfm\/wp-json\/wp\/v2\/posts\/25721","targetHints":{"allow":["GET"]}}],"collection":[{"href":"https:\/\/sertv.gob.pa\/crisolfm\/wp-json\/wp\/v2\/posts"}],"about":[{"href":"https:\/\/sertv.gob.pa\/crisolfm\/wp-json\/wp\/v2\/types\/post"}],"author":[{"embeddable":true,"href":"https:\/\/sertv.gob.pa\/crisolfm\/wp-json\/wp\/v2\/users\/64"}],"replies":[{"embeddable":true,"href":"https:\/\/sertv.gob.pa\/crisolfm\/wp-json\/wp\/v2\/comments?post=25721"}],"version-history":[{"count":1,"href":"https:\/\/sertv.gob.pa\/crisolfm\/wp-json\/wp\/v2\/posts\/25721\/revisions"}],"predecessor-version":[{"id":25723,"href":"https:\/\/sertv.gob.pa\/crisolfm\/wp-json\/wp\/v2\/posts\/25721\/revisions\/25723"}],"wp:featuredmedia":[{"embeddable":true,"href":"https:\/\/sertv.gob.pa\/crisolfm\/wp-json\/wp\/v2\/media\/25722"}],"wp:attachment":[{"href":"https:\/\/sertv.gob.pa\/crisolfm\/wp-json\/wp\/v2\/media?parent=25721"}],"wp:term":[{"taxonomy":"category","embeddable":true,"href":"https:\/\/sertv.gob.pa\/crisolfm\/wp-json\/wp\/v2\/categories?post=25721"},{"taxonomy":"post_tag","embeddable":true,"href":"https:\/\/sertv.gob.pa\/crisolfm\/wp-json\/wp\/v2\/tags?post=25721"}],"curies":[{"name":"wp","href":"https:\/\/api.w.org\/{rel}","templated":true}]}}