{"id":25727,"date":"2020-01-16T14:49:12","date_gmt":"2020-01-16T14:49:12","guid":{"rendered":"https:\/\/sertv.gob.pa\/crisolfm\/?p=25727"},"modified":"2020-01-16T14:49:12","modified_gmt":"2020-01-16T14:49:12","slug":"festival-de-arte-y-del-libro-en-el-parque-omar-este-sabado","status":"publish","type":"post","link":"https:\/\/sertv.gob.pa\/crisolfm\/festival-de-arte-y-del-libro-en-el-parque-omar-este-sabado\/","title":{"rendered":"Festival de Arte y del Libro en el Parque Omar este s\u00e1bado"},"content":{"rendered":"<p>El Ministerio de Cultura invit\u00f3 al primer Festival de Arte y del libro, los d\u00edas 18 y 19 de enero, en el Domo del Parque Omar, con la participaci\u00f3n de una veintena de artesanos, editoriales, librer\u00edas y cerca de 40 escritores.<\/p>\n<p>Para Carlos Winter, escritor y asesor de MiCultura, esta actividad nace de la inquietud de un grupo de escritores que ven la necesidad de que el p\u00fablico se acerque al arte y a los libros.<\/p>\n<p>\u201cPanam\u00e1 necesita impulsar a los artesanos, autores de obras escritas y de platillos de gastronom\u00eda a ver el producto de su talento como una opci\u00f3n viable de vida. El pa\u00eds merece producir y consumir el fruto de las ideas de su gente\u201d, agreg\u00f3 el escritor Winter.<\/p>\n<p>En este evento estar\u00e1n participando distintas direcciones de MiCultura como lo son: la Direcci\u00f3n de Artesan\u00edas, Las Artes, Industrias Creativas, Derecho de Autor y la Direcci\u00f3n de Investigaci\u00f3n y Publicaciones.<\/p>\n<p>Adem\u00e1s, habr\u00e1 venta de libros, comida y artesan\u00edas los 2 d\u00edas del festival.<\/p>\n<p>&nbsp;<\/p>\n<p>&nbsp;<\/p>\n","protected":false},"excerpt":{"rendered":"<p>El Ministerio de Cultura invit\u00f3 al primer Festival de Arte <a href=\"https:\/\/sertv.gob.pa\/crisolfm\/festival-de-arte-y-del-libro-en-el-parque-omar-este-sabado\/\"> [&#8230;]<\/a><\/p>\n","protected":false},"author":64,"featured_media":25728,"comment_status":"closed","ping_status":"closed","sticky":false,"template":"","format":"standard","meta":{"footnotes":""},"categories":[6],"tags":[],"class_list":["post-25727","post","type-post","status-publish","format-standard","has-post-thumbnail","hentry","category-culturales"],"_links":{"self":[{"href":"https:\/\/sertv.gob.pa\/crisolfm\/wp-json\/wp\/v2\/posts\/25727","targetHints":{"allow":["GET"]}}],"collection":[{"href":"https:\/\/sertv.gob.pa\/crisolfm\/wp-json\/wp\/v2\/posts"}],"about":[{"href":"https:\/\/sertv.gob.pa\/crisolfm\/wp-json\/wp\/v2\/types\/post"}],"author":[{"embeddable":true,"href":"https:\/\/sertv.gob.pa\/crisolfm\/wp-json\/wp\/v2\/users\/64"}],"replies":[{"embeddable":true,"href":"https:\/\/sertv.gob.pa\/crisolfm\/wp-json\/wp\/v2\/comments?post=25727"}],"version-history":[{"count":1,"href":"https:\/\/sertv.gob.pa\/crisolfm\/wp-json\/wp\/v2\/posts\/25727\/revisions"}],"predecessor-version":[{"id":25729,"href":"https:\/\/sertv.gob.pa\/crisolfm\/wp-json\/wp\/v2\/posts\/25727\/revisions\/25729"}],"wp:featuredmedia":[{"embeddable":true,"href":"https:\/\/sertv.gob.pa\/crisolfm\/wp-json\/wp\/v2\/media\/25728"}],"wp:attachment":[{"href":"https:\/\/sertv.gob.pa\/crisolfm\/wp-json\/wp\/v2\/media?parent=25727"}],"wp:term":[{"taxonomy":"category","embeddable":true,"href":"https:\/\/sertv.gob.pa\/crisolfm\/wp-json\/wp\/v2\/categories?post=25727"},{"taxonomy":"post_tag","embeddable":true,"href":"https:\/\/sertv.gob.pa\/crisolfm\/wp-json\/wp\/v2\/tags?post=25727"}],"curies":[{"name":"wp","href":"https:\/\/api.w.org\/{rel}","templated":true}]}}