{"id":25730,"date":"2020-01-16T14:56:45","date_gmt":"2020-01-16T14:56:45","guid":{"rendered":"https:\/\/sertv.gob.pa\/crisolfm\/?p=25730"},"modified":"2020-01-16T14:56:45","modified_gmt":"2020-01-16T14:56:45","slug":"las-granjas-de-conejos-espanolas-bajo-la-lupa-de-europa","status":"publish","type":"post","link":"https:\/\/sertv.gob.pa\/crisolfm\/las-granjas-de-conejos-espanolas-bajo-la-lupa-de-europa\/","title":{"rendered":"Las granjas de conejos espa\u00f1olas \u2018bajo la lupa de Europa\u2019"},"content":{"rendered":"<p>Una realidad que acaba de denunciar la\u00a0<strong>Autoridad Europea de Seguridad Alimentaria <\/strong>(EFSA). En su \u00faltimo informe, elaborado tras realizar una extensa a expertos, ha identificado problemas serios de bienestar en las granjas espa\u00f1olas. Identifica como el principal problema que sufren estos animales es la restricci\u00f3n de movimientos a causa del peque\u00f1o tama\u00f1o de las jaulas. Por ello,\u00a0reclama que estas sean ampliadas y mejoradas.<\/p>\n<p>El informe detecta adem\u00e1s que las <strong>cr\u00edas sin destetar<\/strong>, los gazapos, sufren un alto estr\u00e9s t\u00e9rmico. En muchos casos carecen de lecho y nacen sobre el alambre desnudo de las jaulas muriendo de fr\u00edo en algunos casos.<\/p>\n<p>Denuncia adem\u00e1s deficiencias durante el sacrificio ya que en muchos casos\u00a0fallan las t\u00e9cnicas de aturdimiento. Proponen medidas correctivas para evitar que los conejos lleguen conscientes a la l\u00ednea de matanza.<\/p>\n<p>El informe de la Autoridad Alimentaria Europea destaca adem\u00e1s que aunque existen normas que estipulan est\u00e1ndares m\u00ednimos para la <strong>protecci\u00f3n de los animales de granja<\/strong>, incluidos los conejos, no existe una legislaci\u00f3n espec\u00edfica que proteja el bienestar de los conejos de granja en la UE.<\/p>\n<p>El 20% de los conejos en Espa\u00f1a\u00a0mueren antes de llegar al matadero por las duras condiciones de vida que soportan. De los 60,7 millones nacidos al a\u00f1o tan solo 48 millones llegan con vida al <strong>matadero<\/strong>.<\/p>\n<p>En Espa\u00f1a, el 99% viven en jaulas en las que no puede ni siquiera estar erguidos. Las jaulas convencionales miden 45 x 65 cm. La altura media de un conejo es de 75 cm, por lo que no pueden tumbarse completamente ni mucho menos saltar. En estas condiciones son incapaces de <strong>desarrollar sus comportamientos naturales<\/strong>.<\/p>\n<p>Las investigaciones de Igualdad Animal en las granjas espa\u00f1olas ponen al descubierto el enorme sufrimiento que padecen estos animales. Las min\u00fasculas jaulas de alambre desnudo les causan lesiones y estr\u00e9s.<\/p>\n<p>En Europa se cr\u00edan al a\u00f1o en torno a los 120 millones de conejos y pese a que<strong> no existe ninguna legislaci\u00f3n<\/strong> com\u00fan que los proteja algunos pa\u00edses han hecho progresos: En 2016\u00a0B\u00e9lgica\u00a0inici\u00f3 la retirada de jaulas, en consecuencia, en 2025, no habr\u00e1 conejos criados para carne enjaulados en ese pa\u00eds. Austria, Suecia, Reino Unido, Alemania y Pa\u00edses Bajos cuentan con legislaci\u00f3n nacional que protege parcialmente su bienestar.<\/p>\n<p>ECOticias<\/p>\n","protected":false},"excerpt":{"rendered":"<p>Una realidad que acaba de denunciar la\u00a0Autoridad Europea de Seguridad <a href=\"https:\/\/sertv.gob.pa\/crisolfm\/las-granjas-de-conejos-espanolas-bajo-la-lupa-de-europa\/\"> [&#8230;]<\/a><\/p>\n","protected":false},"author":64,"featured_media":25731,"comment_status":"closed","ping_status":"closed","sticky":false,"template":"","format":"standard","meta":{"footnotes":""},"categories":[7],"tags":[],"class_list":["post-25730","post","type-post","status-publish","format-standard","has-post-thumbnail","hentry","category-ecologicas"],"_links":{"self":[{"href":"https:\/\/sertv.gob.pa\/crisolfm\/wp-json\/wp\/v2\/posts\/25730","targetHints":{"allow":["GET"]}}],"collection":[{"href":"https:\/\/sertv.gob.pa\/crisolfm\/wp-json\/wp\/v2\/posts"}],"about":[{"href":"https:\/\/sertv.gob.pa\/crisolfm\/wp-json\/wp\/v2\/types\/post"}],"author":[{"embeddable":true,"href":"https:\/\/sertv.gob.pa\/crisolfm\/wp-json\/wp\/v2\/users\/64"}],"replies":[{"embeddable":true,"href":"https:\/\/sertv.gob.pa\/crisolfm\/wp-json\/wp\/v2\/comments?post=25730"}],"version-history":[{"count":1,"href":"https:\/\/sertv.gob.pa\/crisolfm\/wp-json\/wp\/v2\/posts\/25730\/revisions"}],"predecessor-version":[{"id":25732,"href":"https:\/\/sertv.gob.pa\/crisolfm\/wp-json\/wp\/v2\/posts\/25730\/revisions\/25732"}],"wp:featuredmedia":[{"embeddable":true,"href":"https:\/\/sertv.gob.pa\/crisolfm\/wp-json\/wp\/v2\/media\/25731"}],"wp:attachment":[{"href":"https:\/\/sertv.gob.pa\/crisolfm\/wp-json\/wp\/v2\/media?parent=25730"}],"wp:term":[{"taxonomy":"category","embeddable":true,"href":"https:\/\/sertv.gob.pa\/crisolfm\/wp-json\/wp\/v2\/categories?post=25730"},{"taxonomy":"post_tag","embeddable":true,"href":"https:\/\/sertv.gob.pa\/crisolfm\/wp-json\/wp\/v2\/tags?post=25730"}],"curies":[{"name":"wp","href":"https:\/\/api.w.org\/{rel}","templated":true}]}}