{"id":25743,"date":"2020-01-17T13:30:21","date_gmt":"2020-01-17T13:30:21","guid":{"rendered":"https:\/\/sertv.gob.pa\/crisolfm\/?p=25743"},"modified":"2020-01-17T13:30:21","modified_gmt":"2020-01-17T13:30:21","slug":"deforestacion-de-la-amazonia-brasilena-aumenta-un-85-3","status":"publish","type":"post","link":"https:\/\/sertv.gob.pa\/crisolfm\/deforestacion-de-la-amazonia-brasilena-aumenta-un-85-3\/","title":{"rendered":"Deforestaci\u00f3n de la Amazon\u00eda brasile\u00f1a aumenta un 85.3%"},"content":{"rendered":"<p>La deforestaci\u00f3n en la Amazon\u00eda brasile\u00f1a aument\u00f3 un 85.3% en 2019 en relaci\u00f3n al a\u00f1o anterior, seg\u00fan datos oficiales preliminares del primer a\u00f1o del gobierno de <a href=\"https:\/\/www.prensa.com\/tema\/jair-bolsonaro\/\" target=\"_blank\" rel=\"noopener\">Jair Bolsonaro<\/a>.<\/p>\n<p>Seg\u00fan las observaciones por sat\u00e9lite del Instituto de Investigaciones Espaciales (INPE), un organismo p\u00fablico de referencia para medir la deforestaci\u00f3n, entre enero y diciembre de 2019 el \u00e1rea con alertas de deforestaci\u00f3n fue de 9,166 km2.<\/p>\n<p>Esta cifra es la mayor desde 2015 y casi dobla la registrada en 2018 (4,946 km2).<\/p>\n<p>Los datos fueron recolectados con ayuda del sistema DETER, basado en alertas de deforestaci\u00f3n identificadas por sat\u00e9lite.<\/p>\n<p>Otro sistema utilizado por el INPE, el PRODES, considerado m\u00e1s confiable, pero cuyos datos tardan m\u00e1s en compilarse, mostr\u00f3 a fines de noviembre que la deforestaci\u00f3n en la Amazon\u00eda brasile\u00f1a excedi\u00f3 el umbral de 10,000 km2 por primera vez desde 2008, entre agosto de 2018 y julio de 2019, un 43% m\u00e1s en comparaci\u00f3n con los 12 meses anteriores.<\/p>\n<p>El a\u00f1o 2019 es el primero en el poder de Jair Bolsonaro, un esc\u00e9ptico del cambio clim\u00e1tico, partidario de abrir las \u00e1reas protegidas de la Amazon\u00eda a las actividades extractivistas.<\/p>\n<p>A mediados del a\u00f1o pasado, el mandatario ulraderechista fue blanco de las cr\u00edticas de parte de la comunidad internacional por el alarmante aumento de los incendios en la Amazon\u00eda, atribuidos por los expertos al avance de la deforestaci\u00f3n.<\/p>\n<p>El gobierno prepara el env\u00edo al Congreso de un proyecto de legalizaci\u00f3n de la explotaci\u00f3n petrolera y gas\u00edfera y de construcci\u00f3n de presas hidroel\u00e9ctricas en tierras ind\u00edgenas.<\/p>\n<p>AFP<\/p>\n","protected":false},"excerpt":{"rendered":"<p>La deforestaci\u00f3n en la Amazon\u00eda brasile\u00f1a aument\u00f3 un 85.3% en <a href=\"https:\/\/sertv.gob.pa\/crisolfm\/deforestacion-de-la-amazonia-brasilena-aumenta-un-85-3\/\"> [&#8230;]<\/a><\/p>\n","protected":false},"author":64,"featured_media":25744,"comment_status":"closed","ping_status":"closed","sticky":false,"template":"","format":"standard","meta":{"footnotes":""},"categories":[7],"tags":[],"class_list":["post-25743","post","type-post","status-publish","format-standard","has-post-thumbnail","hentry","category-ecologicas"],"_links":{"self":[{"href":"https:\/\/sertv.gob.pa\/crisolfm\/wp-json\/wp\/v2\/posts\/25743","targetHints":{"allow":["GET"]}}],"collection":[{"href":"https:\/\/sertv.gob.pa\/crisolfm\/wp-json\/wp\/v2\/posts"}],"about":[{"href":"https:\/\/sertv.gob.pa\/crisolfm\/wp-json\/wp\/v2\/types\/post"}],"author":[{"embeddable":true,"href":"https:\/\/sertv.gob.pa\/crisolfm\/wp-json\/wp\/v2\/users\/64"}],"replies":[{"embeddable":true,"href":"https:\/\/sertv.gob.pa\/crisolfm\/wp-json\/wp\/v2\/comments?post=25743"}],"version-history":[{"count":1,"href":"https:\/\/sertv.gob.pa\/crisolfm\/wp-json\/wp\/v2\/posts\/25743\/revisions"}],"predecessor-version":[{"id":25745,"href":"https:\/\/sertv.gob.pa\/crisolfm\/wp-json\/wp\/v2\/posts\/25743\/revisions\/25745"}],"wp:featuredmedia":[{"embeddable":true,"href":"https:\/\/sertv.gob.pa\/crisolfm\/wp-json\/wp\/v2\/media\/25744"}],"wp:attachment":[{"href":"https:\/\/sertv.gob.pa\/crisolfm\/wp-json\/wp\/v2\/media?parent=25743"}],"wp:term":[{"taxonomy":"category","embeddable":true,"href":"https:\/\/sertv.gob.pa\/crisolfm\/wp-json\/wp\/v2\/categories?post=25743"},{"taxonomy":"post_tag","embeddable":true,"href":"https:\/\/sertv.gob.pa\/crisolfm\/wp-json\/wp\/v2\/tags?post=25743"}],"curies":[{"name":"wp","href":"https:\/\/api.w.org\/{rel}","templated":true}]}}