{"id":25746,"date":"2020-01-17T13:34:57","date_gmt":"2020-01-17T13:34:57","guid":{"rendered":"https:\/\/sertv.gob.pa\/crisolfm\/?p=25746"},"modified":"2020-01-17T13:34:57","modified_gmt":"2020-01-17T13:34:57","slug":"donald-trump-y-greta-thunberg-en-el-centro-de-atencion-del-foro-de-davos","status":"publish","type":"post","link":"https:\/\/sertv.gob.pa\/crisolfm\/donald-trump-y-greta-thunberg-en-el-centro-de-atencion-del-foro-de-davos\/","title":{"rendered":"Donald Trump y Greta Thunberg, en el centro de atenci\u00f3n del foro de Davos"},"content":{"rendered":"<p>El presidente estadounidense <a href=\"https:\/\/www.prensa.com\/tema\/donald-trump\/\" target=\"_blank\" rel=\"noopener\">Donald Trump<\/a> y la activista clim\u00e1tica Greta Thunberg protagonizar\u00e1n a partir del martes el foro de Davos 2020, la cita anual de la \u00e9lite pol\u00edtica y econ\u00f3mica mundial que este a\u00f1o alcanza su 50\u00aa edici\u00f3n.<\/p>\n<p>El Foro Econ\u00f3mico Mundial (WEF) re\u00fane desde 1971 a empresarios y l\u00edderes pol\u00edticos en la peque\u00f1a estaci\u00f3n de esqu\u00ed suiza, con la ambici\u00f3n de convertirse en \u201ccentro de reflexi\u00f3n\u201d de los problemas del mundo.<\/p>\n<p>Pero la reuni\u00f3n es tambi\u00e9n un punto de encuentro de las \u00e9lites mundiales y el reflejo de las divisiones econ\u00f3micas y geopol\u00edticas del momento, como refleja este a\u00f1o la presencia simult\u00e1nea de Thunberg y Trump.<\/p>\n<p>La joven activista sueca de 17 a\u00f1os vuelve a Davos por segundo a\u00f1o consecutivo con una esperada intervenci\u00f3n el martes para convencer a la comunidad internacional y al mundo de los negocios que act\u00fae urgentemente frente al cambio clim\u00e1tico.<\/p>\n<p>Por su parte, Trump, muy cr\u00edtico con Thunberg, a la que intent\u00f3 ridiculizar en varios tuits, y conocido por su escepticismo sobre la realidad del cambio clim\u00e1tico, har\u00e1 una intervenci\u00f3n el mi\u00e9rcoles en Davos, el mismo d\u00eda que en Washington los senadores pondr\u00e1n en marcha su proceso de destituci\u00f3n.<\/p>\n<p>La agenda de Trump en el foro estar\u00e1 marcada por las tensiones con Ir\u00e1n tras la muerte por un dron estadounidense del general iran\u00ed <strong>Qasem Soleimani<\/strong>, al que le siguieron acciones de represalia de Teher\u00e1n y el derribo de un avi\u00f3n comercial ucraniano por un misil iran\u00ed.<\/p>\n<p>AFP<\/p>\n","protected":false},"excerpt":{"rendered":"<p>El presidente estadounidense Donald Trump y la activista clim\u00e1tica Greta <a href=\"https:\/\/sertv.gob.pa\/crisolfm\/donald-trump-y-greta-thunberg-en-el-centro-de-atencion-del-foro-de-davos\/\"> [&#8230;]<\/a><\/p>\n","protected":false},"author":64,"featured_media":25747,"comment_status":"closed","ping_status":"closed","sticky":false,"template":"","format":"standard","meta":{"footnotes":""},"categories":[7],"tags":[],"class_list":["post-25746","post","type-post","status-publish","format-standard","has-post-thumbnail","hentry","category-ecologicas"],"_links":{"self":[{"href":"https:\/\/sertv.gob.pa\/crisolfm\/wp-json\/wp\/v2\/posts\/25746","targetHints":{"allow":["GET"]}}],"collection":[{"href":"https:\/\/sertv.gob.pa\/crisolfm\/wp-json\/wp\/v2\/posts"}],"about":[{"href":"https:\/\/sertv.gob.pa\/crisolfm\/wp-json\/wp\/v2\/types\/post"}],"author":[{"embeddable":true,"href":"https:\/\/sertv.gob.pa\/crisolfm\/wp-json\/wp\/v2\/users\/64"}],"replies":[{"embeddable":true,"href":"https:\/\/sertv.gob.pa\/crisolfm\/wp-json\/wp\/v2\/comments?post=25746"}],"version-history":[{"count":1,"href":"https:\/\/sertv.gob.pa\/crisolfm\/wp-json\/wp\/v2\/posts\/25746\/revisions"}],"predecessor-version":[{"id":25748,"href":"https:\/\/sertv.gob.pa\/crisolfm\/wp-json\/wp\/v2\/posts\/25746\/revisions\/25748"}],"wp:featuredmedia":[{"embeddable":true,"href":"https:\/\/sertv.gob.pa\/crisolfm\/wp-json\/wp\/v2\/media\/25747"}],"wp:attachment":[{"href":"https:\/\/sertv.gob.pa\/crisolfm\/wp-json\/wp\/v2\/media?parent=25746"}],"wp:term":[{"taxonomy":"category","embeddable":true,"href":"https:\/\/sertv.gob.pa\/crisolfm\/wp-json\/wp\/v2\/categories?post=25746"},{"taxonomy":"post_tag","embeddable":true,"href":"https:\/\/sertv.gob.pa\/crisolfm\/wp-json\/wp\/v2\/tags?post=25746"}],"curies":[{"name":"wp","href":"https:\/\/api.w.org\/{rel}","templated":true}]}}