{"id":25759,"date":"2020-01-17T14:18:48","date_gmt":"2020-01-17T14:18:48","guid":{"rendered":"https:\/\/sertv.gob.pa\/crisolfm\/?p=25759"},"modified":"2020-01-17T14:18:48","modified_gmt":"2020-01-17T14:18:48","slug":"noche-de-reconocimiento-a-grandes-musicos-panamenos-en-panama-jazz-festival","status":"publish","type":"post","link":"https:\/\/sertv.gob.pa\/crisolfm\/noche-de-reconocimiento-a-grandes-musicos-panamenos-en-panama-jazz-festival\/","title":{"rendered":"Noche de reconocimiento a grandes m\u00fasicos paname\u00f1os en Panama Jazz Festival"},"content":{"rendered":"<p>\u201cAquello que comenz\u00f3 como un sue\u00f1o local, se ha transformado en un proyecto cultural Panamericano que hoy en d\u00eda cuenta con delegaciones y postulaciones de muchas partes del mundo. A todos nuestros patrocinadores y colaboradores, nuestro infinito agradecimiento\u00bb, dijo Mois\u00e9s Rodr\u00edguez presentador de la velada.<\/p>\n<p>Jos\u00e9 Luis F\u00e1brega, alcalde de la ciudad de Panam\u00e1, fue el encargado de entregar las llaves de la ciudad a Reginald \u201cReggie\u201d Johnson, quien fue el homenajeado esa noche. \u00abCon gran complacencia y en nombre de los ciudadanos de Panam\u00e1, hoy entregamos la llave de la ciudad a este hijo de la patria, el honorable Reginald \u201cReggie\u201d Johnson, quien adem\u00e1s es el homenajeado de la d\u00e9cimo s\u00e9ptima edici\u00f3n Panama Jazz Festival 2020\u201d, se\u00f1al\u00f3 F\u00e1brega.<\/p>\n<p>Carlos Aguilar Navarro y Gabriel Gonz\u00e1lez, ministro y vice ministro de cultura respectivamente, hicieran un reconocimiento especial a Johnson\u201d y adem\u00e1s estregaran presentes 100% paname\u00f1os a las invitadas internacionales, Terri Lyne Carrington y Dianne Reeves.<\/p>\n<p>&nbsp;<\/p>\n<p>&nbsp;<\/p>\n<p>&nbsp;<\/p>\n<p>&nbsp;<\/p>\n","protected":false},"excerpt":{"rendered":"<p>\u201cAquello que comenz\u00f3 como un sue\u00f1o local, se ha transformado <a href=\"https:\/\/sertv.gob.pa\/crisolfm\/noche-de-reconocimiento-a-grandes-musicos-panamenos-en-panama-jazz-festival\/\"> [&#8230;]<\/a><\/p>\n","protected":false},"author":64,"featured_media":25760,"comment_status":"closed","ping_status":"closed","sticky":false,"template":"","format":"standard","meta":{"footnotes":""},"categories":[6],"tags":[],"class_list":["post-25759","post","type-post","status-publish","format-standard","has-post-thumbnail","hentry","category-culturales"],"_links":{"self":[{"href":"https:\/\/sertv.gob.pa\/crisolfm\/wp-json\/wp\/v2\/posts\/25759","targetHints":{"allow":["GET"]}}],"collection":[{"href":"https:\/\/sertv.gob.pa\/crisolfm\/wp-json\/wp\/v2\/posts"}],"about":[{"href":"https:\/\/sertv.gob.pa\/crisolfm\/wp-json\/wp\/v2\/types\/post"}],"author":[{"embeddable":true,"href":"https:\/\/sertv.gob.pa\/crisolfm\/wp-json\/wp\/v2\/users\/64"}],"replies":[{"embeddable":true,"href":"https:\/\/sertv.gob.pa\/crisolfm\/wp-json\/wp\/v2\/comments?post=25759"}],"version-history":[{"count":1,"href":"https:\/\/sertv.gob.pa\/crisolfm\/wp-json\/wp\/v2\/posts\/25759\/revisions"}],"predecessor-version":[{"id":25761,"href":"https:\/\/sertv.gob.pa\/crisolfm\/wp-json\/wp\/v2\/posts\/25759\/revisions\/25761"}],"wp:featuredmedia":[{"embeddable":true,"href":"https:\/\/sertv.gob.pa\/crisolfm\/wp-json\/wp\/v2\/media\/25760"}],"wp:attachment":[{"href":"https:\/\/sertv.gob.pa\/crisolfm\/wp-json\/wp\/v2\/media?parent=25759"}],"wp:term":[{"taxonomy":"category","embeddable":true,"href":"https:\/\/sertv.gob.pa\/crisolfm\/wp-json\/wp\/v2\/categories?post=25759"},{"taxonomy":"post_tag","embeddable":true,"href":"https:\/\/sertv.gob.pa\/crisolfm\/wp-json\/wp\/v2\/tags?post=25759"}],"curies":[{"name":"wp","href":"https:\/\/api.w.org\/{rel}","templated":true}]}}