{"id":25762,"date":"2020-01-17T14:26:01","date_gmt":"2020-01-17T14:26:01","guid":{"rendered":"https:\/\/sertv.gob.pa\/crisolfm\/?p=25762"},"modified":"2020-01-17T14:26:01","modified_gmt":"2020-01-17T14:26:01","slug":"yoselin-goncalves-presenta-su-obra-no-apagues-la-luz-cuentos-de-terror-y-extravio","status":"publish","type":"post","link":"https:\/\/sertv.gob.pa\/crisolfm\/yoselin-goncalves-presenta-su-obra-no-apagues-la-luz-cuentos-de-terror-y-extravio\/","title":{"rendered":"Yoselin Goncalves presenta su obra &#8216;No apagues la luz, cuentos de terror y extrav\u00edo&#8217;"},"content":{"rendered":"<p>La escritora Yoselin Goncalves presenta a Cooltura su m\u00e1s reciente obra &#8216;No apagues la luz, cuentos de terror y extrav\u00edo&#8217;, en el que recopila 13 cuentos de terror y una serie de ep\u00edstolas de amor que titula \u00abCartas contra el olvido\u00bb.<\/p>\n<p>Goncalves manifest\u00f3 que las historias narradas en el libro las escribi\u00f3 ante la necesidad de \u00absacar\u00bb las experiencias que le hab\u00edan ocurrido en su vida, como las \u00abdecepciones familiares\u00bb.<\/p>\n<p>Una de esas vivencias que plasm\u00f3 Yoselin aparece en el cuento \u00abLa maldici\u00f3n de la casa Arteaga\u00bb, en la que explica c\u00f3mo en la casa de su bisabuela sucedieron situaciones \u00abparanormales\u00bb. \u00abTodos en mi familia viv\u00edan una experiencia paranormal, vio a alguien o sinti\u00f3 una presencia\u00bb.<\/p>\n<p>El texto abarca igualmente distintos temas como la muerte, sus propios miedos e incluso el odio. \u00abTodas esas emociones que a m\u00ed me parecen interesantes\u00bb, detall\u00f3 la tambi\u00e9n publicista.<\/p>\n<p>&nbsp;<\/p>\n","protected":false},"excerpt":{"rendered":"<p>La escritora Yoselin Goncalves presenta a Cooltura su m\u00e1s reciente <a href=\"https:\/\/sertv.gob.pa\/crisolfm\/yoselin-goncalves-presenta-su-obra-no-apagues-la-luz-cuentos-de-terror-y-extravio\/\"> [&#8230;]<\/a><\/p>\n","protected":false},"author":64,"featured_media":25763,"comment_status":"closed","ping_status":"closed","sticky":false,"template":"","format":"standard","meta":{"footnotes":""},"categories":[6],"tags":[],"class_list":["post-25762","post","type-post","status-publish","format-standard","has-post-thumbnail","hentry","category-culturales"],"_links":{"self":[{"href":"https:\/\/sertv.gob.pa\/crisolfm\/wp-json\/wp\/v2\/posts\/25762","targetHints":{"allow":["GET"]}}],"collection":[{"href":"https:\/\/sertv.gob.pa\/crisolfm\/wp-json\/wp\/v2\/posts"}],"about":[{"href":"https:\/\/sertv.gob.pa\/crisolfm\/wp-json\/wp\/v2\/types\/post"}],"author":[{"embeddable":true,"href":"https:\/\/sertv.gob.pa\/crisolfm\/wp-json\/wp\/v2\/users\/64"}],"replies":[{"embeddable":true,"href":"https:\/\/sertv.gob.pa\/crisolfm\/wp-json\/wp\/v2\/comments?post=25762"}],"version-history":[{"count":1,"href":"https:\/\/sertv.gob.pa\/crisolfm\/wp-json\/wp\/v2\/posts\/25762\/revisions"}],"predecessor-version":[{"id":25764,"href":"https:\/\/sertv.gob.pa\/crisolfm\/wp-json\/wp\/v2\/posts\/25762\/revisions\/25764"}],"wp:featuredmedia":[{"embeddable":true,"href":"https:\/\/sertv.gob.pa\/crisolfm\/wp-json\/wp\/v2\/media\/25763"}],"wp:attachment":[{"href":"https:\/\/sertv.gob.pa\/crisolfm\/wp-json\/wp\/v2\/media?parent=25762"}],"wp:term":[{"taxonomy":"category","embeddable":true,"href":"https:\/\/sertv.gob.pa\/crisolfm\/wp-json\/wp\/v2\/categories?post=25762"},{"taxonomy":"post_tag","embeddable":true,"href":"https:\/\/sertv.gob.pa\/crisolfm\/wp-json\/wp\/v2\/tags?post=25762"}],"curies":[{"name":"wp","href":"https:\/\/api.w.org\/{rel}","templated":true}]}}