{"id":25774,"date":"2020-01-17T15:31:31","date_gmt":"2020-01-17T15:31:31","guid":{"rendered":"https:\/\/sertv.gob.pa\/crisolfm\/?p=25774"},"modified":"2020-01-17T15:31:31","modified_gmt":"2020-01-17T15:31:31","slug":"jovenes-de-todo-el-mundo-vuelven-a-salir-a-la-calle-para-denunciar-las-consecuencias-de-la-crisis-climatica","status":"publish","type":"post","link":"https:\/\/sertv.gob.pa\/crisolfm\/jovenes-de-todo-el-mundo-vuelven-a-salir-a-la-calle-para-denunciar-las-consecuencias-de-la-crisis-climatica\/","title":{"rendered":"J\u00f3venes de todo el mundo vuelven a salir a la calle para denunciar las consecuencias de la crisis clim\u00e1tica"},"content":{"rendered":"<p>El movimiento Juventud por el Clima-Fridays for Future Espa\u00f1a ha transmitido durante meses la realidad de que \u201c<strong>No hay Planeta B<\/strong>\u201d. Bajo esta misma premisa vuelven este viernes a las calles y plazas con el fin de seguir denunciando la insostenibilidad de este sistema con el planeta y las graves consecuencias de los incendios que se est\u00e1n viviendo en Australia.<\/p>\n<p>\u201cLo que est\u00e1 estamos viendo ahora en Australia, con m\u00e1s de 80.000 kil\u00f3metros cuadrados devorados por las llamas, 28 muertos y 1.000 millones de animales afectados, sin contar a todos los desplazados que no podr\u00e1n volver a sus casas,<strong> no es una simple cat\u00e1strofe natural, <\/strong>son las dram\u00e1ticas consecuencias de una crisis clim\u00e1tica que los cient\u00edficos llevan d\u00e9cadas anunciando\u201d dicen desde la organizaci\u00f3n ecologista.<\/p>\n<p>A\u00f1aden, adem\u00e1s que \u201clos gobernantes son responsable de lo que estamos viviendo, pues no est\u00e1n tomando las medidas urgentes y profundas que la situaci\u00f3n de emergencia clim\u00e1tica requiere, y que solo est\u00e1n al alcance de los dirigentes pol\u00edticos y las instituciones p\u00fablicas\u201d.<\/p>\n<p>Este movimiento joven no solo tiene como objetivo reclamar acci\u00f3n a los gobiernos ante la emergencia clim\u00e1tica tambi\u00e9n el de despertar la conciencia de los j\u00f3venes, \u201cquienes ven como su planeta y su futuro es puesto en juego por la<strong> ineficacia de los pol\u00edticos<\/strong>\u201d, seg\u00fan dicen en redes sociales.<\/p>\n<p>Con este mismo objetivo, y mostrar que las peores consecuencias de la crisis clim\u00e1tica ya est\u00e1n aqu\u00ed, Juventud por el Clima ha convocado numerosas concentraciones este viernes 17 de enero.<\/p>\n<p>ECOticias<\/p>\n","protected":false},"excerpt":{"rendered":"<p>El movimiento Juventud por el Clima-Fridays for Future Espa\u00f1a ha <a href=\"https:\/\/sertv.gob.pa\/crisolfm\/jovenes-de-todo-el-mundo-vuelven-a-salir-a-la-calle-para-denunciar-las-consecuencias-de-la-crisis-climatica\/\"> [&#8230;]<\/a><\/p>\n","protected":false},"author":64,"featured_media":25775,"comment_status":"closed","ping_status":"closed","sticky":false,"template":"","format":"standard","meta":{"footnotes":""},"categories":[7],"tags":[],"class_list":["post-25774","post","type-post","status-publish","format-standard","has-post-thumbnail","hentry","category-ecologicas"],"_links":{"self":[{"href":"https:\/\/sertv.gob.pa\/crisolfm\/wp-json\/wp\/v2\/posts\/25774","targetHints":{"allow":["GET"]}}],"collection":[{"href":"https:\/\/sertv.gob.pa\/crisolfm\/wp-json\/wp\/v2\/posts"}],"about":[{"href":"https:\/\/sertv.gob.pa\/crisolfm\/wp-json\/wp\/v2\/types\/post"}],"author":[{"embeddable":true,"href":"https:\/\/sertv.gob.pa\/crisolfm\/wp-json\/wp\/v2\/users\/64"}],"replies":[{"embeddable":true,"href":"https:\/\/sertv.gob.pa\/crisolfm\/wp-json\/wp\/v2\/comments?post=25774"}],"version-history":[{"count":1,"href":"https:\/\/sertv.gob.pa\/crisolfm\/wp-json\/wp\/v2\/posts\/25774\/revisions"}],"predecessor-version":[{"id":25776,"href":"https:\/\/sertv.gob.pa\/crisolfm\/wp-json\/wp\/v2\/posts\/25774\/revisions\/25776"}],"wp:featuredmedia":[{"embeddable":true,"href":"https:\/\/sertv.gob.pa\/crisolfm\/wp-json\/wp\/v2\/media\/25775"}],"wp:attachment":[{"href":"https:\/\/sertv.gob.pa\/crisolfm\/wp-json\/wp\/v2\/media?parent=25774"}],"wp:term":[{"taxonomy":"category","embeddable":true,"href":"https:\/\/sertv.gob.pa\/crisolfm\/wp-json\/wp\/v2\/categories?post=25774"},{"taxonomy":"post_tag","embeddable":true,"href":"https:\/\/sertv.gob.pa\/crisolfm\/wp-json\/wp\/v2\/tags?post=25774"}],"curies":[{"name":"wp","href":"https:\/\/api.w.org\/{rel}","templated":true}]}}