{"id":25787,"date":"2020-01-20T13:27:01","date_gmt":"2020-01-20T13:27:01","guid":{"rendered":"https:\/\/sertv.gob.pa\/crisolfm\/?p=25787"},"modified":"2020-01-20T13:27:01","modified_gmt":"2020-01-20T13:27:01","slug":"rinden-homenaje-a-dagoberto-yin-carrizo-en-su-pueblo-natal-ocu","status":"publish","type":"post","link":"https:\/\/sertv.gob.pa\/crisolfm\/rinden-homenaje-a-dagoberto-yin-carrizo-en-su-pueblo-natal-ocu\/","title":{"rendered":"Rinden homenaje a Dagoberto (Yin) Carrizo en su pueblo natal Oc\u00fa"},"content":{"rendered":"<p><strong>Dagoberto <em>Yin<\/em> Carrizo<\/strong>, cantor de la patria, fue homenajeado en su natal Oc\u00fa, por parte del Banco Nacional de Panam\u00e1 (BNP). Este homenaje se llev\u00f3 a cabo en el marco de la sexag\u00e9sima Feria de San Sebasti\u00e1n de Oc\u00fa, este domingo 19 de enero de 2020.<\/p>\n<p>El gerente del BNP, Javier Carrizo Esquivel, destac\u00f3 que el cantor es una gloria nacional que se debe resaltar para que las futuras generaciones sigan su ejemplo. A\u00f1adi\u00f3 que fue precisamente Oc\u00fa que vio nacer a este gran compositor y pintor, cuya \u00faltima faceta la gente no conoce.<\/p>\n<p>Carrizo, nacido el 5 de julio de 1939, pint\u00f3 el panorama musical con sus bellas composiciones que son conocidas no s\u00f3lo en Panam\u00e1, sino tambi\u00e9n a nivel internacional, dijo Carrizo Esquivel.<\/p>\n<p>Por su parte el cantor de la Patria exteriorizo su satisfacci\u00f3n por el reconocimiento. Desde hace 60 a\u00f1os puse a la gente a bailar, se\u00f1al\u00f3 Carrizo, al recordar que a los 13 a\u00f1os compuso su primera interpretaci\u00f3n <strong>\u00a1Viva Panam\u00e1!<\/strong><\/p>\n<p>El rom\u00e1ntico manifesto que aunque quiso dedicarse a estudiar pintura el no contar con una beca para ir a Italia lo lleva a enfocarse en la m\u00fasica t\u00edpica paname\u00f1a.<\/p>\n<p>Entre sus interpretaciones est\u00e1n: <strong>Julia<\/strong> (interpretada por el Gran Combo de Puerto Rico), <strong>Lucy querida<\/strong>, <strong>Si tu me quisieras<\/strong>, <strong>El hombre ajeno<\/strong>, <strong>Amor viejo<\/strong>, entre otras, que se han convertido en cl\u00e1sicos de la m\u00fasica t\u00edpica nacional.<\/p>\n<p>&nbsp;<\/p>\n","protected":false},"excerpt":{"rendered":"<p>Dagoberto Yin Carrizo, cantor de la patria, fue homenajeado en <a href=\"https:\/\/sertv.gob.pa\/crisolfm\/rinden-homenaje-a-dagoberto-yin-carrizo-en-su-pueblo-natal-ocu\/\"> [&#8230;]<\/a><\/p>\n","protected":false},"author":64,"featured_media":25788,"comment_status":"closed","ping_status":"closed","sticky":false,"template":"","format":"standard","meta":{"footnotes":""},"categories":[6],"tags":[],"class_list":["post-25787","post","type-post","status-publish","format-standard","has-post-thumbnail","hentry","category-culturales"],"_links":{"self":[{"href":"https:\/\/sertv.gob.pa\/crisolfm\/wp-json\/wp\/v2\/posts\/25787","targetHints":{"allow":["GET"]}}],"collection":[{"href":"https:\/\/sertv.gob.pa\/crisolfm\/wp-json\/wp\/v2\/posts"}],"about":[{"href":"https:\/\/sertv.gob.pa\/crisolfm\/wp-json\/wp\/v2\/types\/post"}],"author":[{"embeddable":true,"href":"https:\/\/sertv.gob.pa\/crisolfm\/wp-json\/wp\/v2\/users\/64"}],"replies":[{"embeddable":true,"href":"https:\/\/sertv.gob.pa\/crisolfm\/wp-json\/wp\/v2\/comments?post=25787"}],"version-history":[{"count":1,"href":"https:\/\/sertv.gob.pa\/crisolfm\/wp-json\/wp\/v2\/posts\/25787\/revisions"}],"predecessor-version":[{"id":25789,"href":"https:\/\/sertv.gob.pa\/crisolfm\/wp-json\/wp\/v2\/posts\/25787\/revisions\/25789"}],"wp:featuredmedia":[{"embeddable":true,"href":"https:\/\/sertv.gob.pa\/crisolfm\/wp-json\/wp\/v2\/media\/25788"}],"wp:attachment":[{"href":"https:\/\/sertv.gob.pa\/crisolfm\/wp-json\/wp\/v2\/media?parent=25787"}],"wp:term":[{"taxonomy":"category","embeddable":true,"href":"https:\/\/sertv.gob.pa\/crisolfm\/wp-json\/wp\/v2\/categories?post=25787"},{"taxonomy":"post_tag","embeddable":true,"href":"https:\/\/sertv.gob.pa\/crisolfm\/wp-json\/wp\/v2\/tags?post=25787"}],"curies":[{"name":"wp","href":"https:\/\/api.w.org\/{rel}","templated":true}]}}