{"id":25790,"date":"2020-01-20T13:36:51","date_gmt":"2020-01-20T13:36:51","guid":{"rendered":"https:\/\/sertv.gob.pa\/crisolfm\/?p=25790"},"modified":"2020-01-20T13:36:51","modified_gmt":"2020-01-20T13:36:51","slug":"fae-2020-del-17-al-23-de-marzo-proximo","status":"publish","type":"post","link":"https:\/\/sertv.gob.pa\/crisolfm\/fae-2020-del-17-al-23-de-marzo-proximo\/","title":{"rendered":"FAE 2020, del 17 al 23 de marzo pr\u00f3ximo"},"content":{"rendered":"<p>El Festival Internacional de Artes Esc\u00e9nicas de Panam\u00e1 (FAE), el m\u00e1s importante evento del teatro y la danza contempor\u00e1nea que existe en el pa\u00eds \u2014y reconocido internacionalmente como uno de los principales encuentros art\u00edsticos de la regi\u00f3n\u2014, celebra su d\u00e9cima edici\u00f3n del 17 al 23 de marzo pr\u00f3ximo, teniendo como escenarios el Teatro Nacional, Teatro en C\u00edrculo, Anita Villal\u00e1z y Gladis Vidal, adem\u00e1s de espacios alternativos como el Estudio Multiuso del Grupo Experimental del Cine Universitario, entre otros espacios al aire libre.<\/p>\n<p>Miembros del equipo organizador se hallan trabajando el proceso de confirmaci\u00f3n de las agrupaciones de teatro y danza contempor\u00e1nea provenientes de Colombia, Cuba, Espa\u00f1a, Francia, M\u00e9xico, Noruega, Portugal y por supuesto Panam\u00e1, en colaboraci\u00f3n con las embajadas de Colombia, Espa\u00f1a, M\u00e9xico, Portugal, adem\u00e1s del Centro Cultural de Espa\u00f1a y la Alianza Francesa con el prop\u00f3sito de que los invitados especiales tengan la mejor de las atenciones.<\/p>\n<p>\u201cSe trata de un festival cultural para todos los que deseen participar puesto que incluye espect\u00e1culos internacionales y nacionales para adultos en los teatros y en espacios alternativo, teatro para ni\u00f1os de los barrios populares, eventos al aire libre en las plazas y un fuerte componente formativo especial para profesionales y estudiantes de teatro y danza, compuesto por talleres teatrales, clases maestras de danza, conversatorios, mesas redondas y presentaci\u00f3n de revistas internacionales\u201d, indic\u00f3 un comunicado de prensa.<\/p>\n","protected":false},"excerpt":{"rendered":"<p>El Festival Internacional de Artes Esc\u00e9nicas de Panam\u00e1 (FAE), el <a href=\"https:\/\/sertv.gob.pa\/crisolfm\/fae-2020-del-17-al-23-de-marzo-proximo\/\"> [&#8230;]<\/a><\/p>\n","protected":false},"author":64,"featured_media":25791,"comment_status":"closed","ping_status":"closed","sticky":false,"template":"","format":"standard","meta":{"footnotes":""},"categories":[6],"tags":[],"class_list":["post-25790","post","type-post","status-publish","format-standard","has-post-thumbnail","hentry","category-culturales"],"_links":{"self":[{"href":"https:\/\/sertv.gob.pa\/crisolfm\/wp-json\/wp\/v2\/posts\/25790","targetHints":{"allow":["GET"]}}],"collection":[{"href":"https:\/\/sertv.gob.pa\/crisolfm\/wp-json\/wp\/v2\/posts"}],"about":[{"href":"https:\/\/sertv.gob.pa\/crisolfm\/wp-json\/wp\/v2\/types\/post"}],"author":[{"embeddable":true,"href":"https:\/\/sertv.gob.pa\/crisolfm\/wp-json\/wp\/v2\/users\/64"}],"replies":[{"embeddable":true,"href":"https:\/\/sertv.gob.pa\/crisolfm\/wp-json\/wp\/v2\/comments?post=25790"}],"version-history":[{"count":1,"href":"https:\/\/sertv.gob.pa\/crisolfm\/wp-json\/wp\/v2\/posts\/25790\/revisions"}],"predecessor-version":[{"id":25792,"href":"https:\/\/sertv.gob.pa\/crisolfm\/wp-json\/wp\/v2\/posts\/25790\/revisions\/25792"}],"wp:featuredmedia":[{"embeddable":true,"href":"https:\/\/sertv.gob.pa\/crisolfm\/wp-json\/wp\/v2\/media\/25791"}],"wp:attachment":[{"href":"https:\/\/sertv.gob.pa\/crisolfm\/wp-json\/wp\/v2\/media?parent=25790"}],"wp:term":[{"taxonomy":"category","embeddable":true,"href":"https:\/\/sertv.gob.pa\/crisolfm\/wp-json\/wp\/v2\/categories?post=25790"},{"taxonomy":"post_tag","embeddable":true,"href":"https:\/\/sertv.gob.pa\/crisolfm\/wp-json\/wp\/v2\/tags?post=25790"}],"curies":[{"name":"wp","href":"https:\/\/api.w.org\/{rel}","templated":true}]}}