{"id":25796,"date":"2020-01-20T13:52:43","date_gmt":"2020-01-20T13:52:43","guid":{"rendered":"https:\/\/sertv.gob.pa\/crisolfm\/?p=25796"},"modified":"2020-01-20T13:52:43","modified_gmt":"2020-01-20T13:52:43","slug":"el-travieso-pepino-sale-de-su-ataud-y-da-inicio-al-carnaval-en-la-paz","status":"publish","type":"post","link":"https:\/\/sertv.gob.pa\/crisolfm\/el-travieso-pepino-sale-de-su-ataud-y-da-inicio-al-carnaval-en-la-paz\/","title":{"rendered":"El travieso Pepino sale de su ata\u00fad y da inicio al Carnaval en La Paz"},"content":{"rendered":"<p>El travieso Pepino, uno de los personajes m\u00e1s emblem\u00e1ticos del Carnaval de La Paz (Bolivia), \u00abrevivi\u00f3\u00bb este domingo en medio de bailes, m\u00fasica y mucha alegr\u00eda para dar inicio a las actividades.<\/p>\n<p>Como todos los a\u00f1os, decenas de personas llegaron hasta el Cementerio General de La Paz, en la populosa zona Garita de Lima, para llevar el colorido ata\u00fad del picaresco Pepino en una procesi\u00f3n por las calles aleda\u00f1as al son de una marcha f\u00fanebre.<\/p>\n<p>El cortejo fue encabezado por el Gobernador de La Paz, F\u00e9lix Patzi, y el secretario municipal de Culturas, Andr\u00e9s Zaratti y tambi\u00e9n estuvo presente el viceministro de Interculturalidad, \u00d3scar Garc\u00eda.<\/p>\n<p>Al llegar al escenario central, el Ch&#8217;uta y la cholita, otros de los personajes tradicionales del Carnaval pace\u00f1o, abrieron el ata\u00fad y realizaron un sahumerio para que el Pepino \u00abvuelva a la vida\u00bb y que irradie su alegr\u00eda a la poblaci\u00f3n.<\/p>\n<p>Un beso fue lo que despert\u00f3 al picaresco personaje que sali\u00f3 de su ata\u00fad rojo con im\u00e1genes de globos de colores dando saltos y bailando en medio de la mixtura o papeles de colores, mientras la banda tocaba m\u00fasica tradicional del Carnaval pace\u00f1o.<\/p>\n<p>\u00abEl Pepino es la identidad del Carnaval pace\u00f1o, desde hoy comienzan las fiestas y cuando el Pepino est\u00e1 suelto todo el Carnaval empieza\u00bb, coment\u00f3 Garc\u00eda.<\/p>\n<p>Vestido de rojo y verde, los colores de la bandera de La Paz, el inquieto Pepino recibi\u00f3 de las manos del gobernador pace\u00f1o la \u00abllave amarilla de la alegr\u00eda\u00bb para que contagie su picard\u00eda. Zaratti tambi\u00e9n le entreg\u00f3 al Pepino otras llaves para que \u00abtome las calles\u00bb pace\u00f1as.<\/p>\n<p>Luego decenas de comparsas de Ch&#8217;utas, cholitas y pepinos que acompa\u00f1aron este acto hicieron su paso por las calles aleda\u00f1as.<\/p>\n<p>El Pepino representa la picard\u00eda, la alegr\u00eda y el desenfreno caracter\u00edsticos del carnaval, mientras que el Ch&#8217;uta y la Cholita introducen costumbres aimaras en la fiesta, como el agradecimiento a la \u00abPachamama\u00bb o Madre Tierra por sus frutos, una tradici\u00f3n arraigada en el occidente.<\/p>\n<p>Entre las actividades entorno al carnaval que prev\u00e9 la Alcald\u00eda de La Paz est\u00e1 la elecci\u00f3n de la reina y los representantes de los personajes de esta festividad, conciertos, serenatas, exposiciones, el Corso Infantil donde los ni\u00f1os se disfrazan y salen a las calles.<\/p>\n<p>EFE<\/p>\n","protected":false},"excerpt":{"rendered":"<p>El travieso Pepino, uno de los personajes m\u00e1s emblem\u00e1ticos del <a href=\"https:\/\/sertv.gob.pa\/crisolfm\/el-travieso-pepino-sale-de-su-ataud-y-da-inicio-al-carnaval-en-la-paz\/\"> [&#8230;]<\/a><\/p>\n","protected":false},"author":64,"featured_media":25797,"comment_status":"closed","ping_status":"closed","sticky":false,"template":"","format":"standard","meta":{"footnotes":""},"categories":[6],"tags":[],"class_list":["post-25796","post","type-post","status-publish","format-standard","has-post-thumbnail","hentry","category-culturales"],"_links":{"self":[{"href":"https:\/\/sertv.gob.pa\/crisolfm\/wp-json\/wp\/v2\/posts\/25796","targetHints":{"allow":["GET"]}}],"collection":[{"href":"https:\/\/sertv.gob.pa\/crisolfm\/wp-json\/wp\/v2\/posts"}],"about":[{"href":"https:\/\/sertv.gob.pa\/crisolfm\/wp-json\/wp\/v2\/types\/post"}],"author":[{"embeddable":true,"href":"https:\/\/sertv.gob.pa\/crisolfm\/wp-json\/wp\/v2\/users\/64"}],"replies":[{"embeddable":true,"href":"https:\/\/sertv.gob.pa\/crisolfm\/wp-json\/wp\/v2\/comments?post=25796"}],"version-history":[{"count":1,"href":"https:\/\/sertv.gob.pa\/crisolfm\/wp-json\/wp\/v2\/posts\/25796\/revisions"}],"predecessor-version":[{"id":25798,"href":"https:\/\/sertv.gob.pa\/crisolfm\/wp-json\/wp\/v2\/posts\/25796\/revisions\/25798"}],"wp:featuredmedia":[{"embeddable":true,"href":"https:\/\/sertv.gob.pa\/crisolfm\/wp-json\/wp\/v2\/media\/25797"}],"wp:attachment":[{"href":"https:\/\/sertv.gob.pa\/crisolfm\/wp-json\/wp\/v2\/media?parent=25796"}],"wp:term":[{"taxonomy":"category","embeddable":true,"href":"https:\/\/sertv.gob.pa\/crisolfm\/wp-json\/wp\/v2\/categories?post=25796"},{"taxonomy":"post_tag","embeddable":true,"href":"https:\/\/sertv.gob.pa\/crisolfm\/wp-json\/wp\/v2\/tags?post=25796"}],"curies":[{"name":"wp","href":"https:\/\/api.w.org\/{rel}","templated":true}]}}