{"id":25799,"date":"2020-01-20T13:59:11","date_gmt":"2020-01-20T13:59:11","guid":{"rendered":"https:\/\/sertv.gob.pa\/crisolfm\/?p=25799"},"modified":"2020-01-20T13:59:11","modified_gmt":"2020-01-20T13:59:11","slug":"el-vendedor-de-silencio-de-enrique-serna","status":"publish","type":"post","link":"https:\/\/sertv.gob.pa\/crisolfm\/el-vendedor-de-silencio-de-enrique-serna\/","title":{"rendered":"\u201cEl vendedor de silencio\u201d, de Enrique Serna"},"content":{"rendered":"<p>El vendedor de silencio, de Enrique Serna, trata de la vida del reportero Carlos Denegri, a quien se le llam\u00f3 \u201cEl Rey Midas del cuarto poder\u201d y en palabras del recordado periodista Julio Scherer Garc\u00eda, era \u201cel mejor y el m\u00e1s vil de los reporteros\u201d. Impoluto e incorruptible, Scherer Garc\u00eda era apodado \u201cEl mirlo blanco\u201d.<\/p>\n<p>Es la vida novelada de este personaje que vivi\u00f3 durante la mitad del siglo XX (1910-1970), que se le dice era m\u00e1s peligroso que el ars\u00e9nico y que en alg\u00fan momento estuvo intoxicado de poder, por el acceso que ten\u00eda a los presidentes y los secretarios de Estado, desde 1940 hasta su muerte. Por sus manos pasaron los sexenios de Manuel \u00c1vila Camacho, Miguel Alem\u00e1n Vald\u00e9s, Adolfo Ruiz Cortines, Adolfo L\u00f3pez Mateos, Gustavo D\u00edaz Ordaz y un refil\u00f3n de Luis Echeverr\u00eda \u00c1lvarez.<\/p>\n<p>Si bien se concentra en la vida licenciosa, exagerada, depravada que llevaba el reportero (que quiso ser poeta de joven), muestra algunos de los acontecimientos que remecieron ese pa\u00eds durante su vida, y las circunstancias por las que atraves\u00f3 el gobierno del Partido Revolucionario Institucional (PRI) y sus m\u00e1s conspicuos miembros. No escapa la forma en que areng\u00f3 contra los que protestaron en 1968 en la Plaza de Tlatelolco y enardec\u00eda a sus seguidores con sus consignas.<\/p>\n<p>&nbsp;<\/p>\n<p>&nbsp;<\/p>\n","protected":false},"excerpt":{"rendered":"<p>El vendedor de silencio, de Enrique Serna, trata de la <a href=\"https:\/\/sertv.gob.pa\/crisolfm\/el-vendedor-de-silencio-de-enrique-serna\/\"> [&#8230;]<\/a><\/p>\n","protected":false},"author":64,"featured_media":25800,"comment_status":"closed","ping_status":"closed","sticky":false,"template":"","format":"standard","meta":{"footnotes":""},"categories":[6],"tags":[],"class_list":["post-25799","post","type-post","status-publish","format-standard","has-post-thumbnail","hentry","category-culturales"],"_links":{"self":[{"href":"https:\/\/sertv.gob.pa\/crisolfm\/wp-json\/wp\/v2\/posts\/25799","targetHints":{"allow":["GET"]}}],"collection":[{"href":"https:\/\/sertv.gob.pa\/crisolfm\/wp-json\/wp\/v2\/posts"}],"about":[{"href":"https:\/\/sertv.gob.pa\/crisolfm\/wp-json\/wp\/v2\/types\/post"}],"author":[{"embeddable":true,"href":"https:\/\/sertv.gob.pa\/crisolfm\/wp-json\/wp\/v2\/users\/64"}],"replies":[{"embeddable":true,"href":"https:\/\/sertv.gob.pa\/crisolfm\/wp-json\/wp\/v2\/comments?post=25799"}],"version-history":[{"count":1,"href":"https:\/\/sertv.gob.pa\/crisolfm\/wp-json\/wp\/v2\/posts\/25799\/revisions"}],"predecessor-version":[{"id":25801,"href":"https:\/\/sertv.gob.pa\/crisolfm\/wp-json\/wp\/v2\/posts\/25799\/revisions\/25801"}],"wp:featuredmedia":[{"embeddable":true,"href":"https:\/\/sertv.gob.pa\/crisolfm\/wp-json\/wp\/v2\/media\/25800"}],"wp:attachment":[{"href":"https:\/\/sertv.gob.pa\/crisolfm\/wp-json\/wp\/v2\/media?parent=25799"}],"wp:term":[{"taxonomy":"category","embeddable":true,"href":"https:\/\/sertv.gob.pa\/crisolfm\/wp-json\/wp\/v2\/categories?post=25799"},{"taxonomy":"post_tag","embeddable":true,"href":"https:\/\/sertv.gob.pa\/crisolfm\/wp-json\/wp\/v2\/tags?post=25799"}],"curies":[{"name":"wp","href":"https:\/\/api.w.org\/{rel}","templated":true}]}}