{"id":25821,"date":"2020-01-20T15:33:39","date_gmt":"2020-01-20T15:33:39","guid":{"rendered":"https:\/\/sertv.gob.pa\/crisolfm\/?p=25821"},"modified":"2020-01-20T15:33:39","modified_gmt":"2020-01-20T15:33:39","slug":"el-proyecto-zero-cabin-waste-recicla-mas-de-2-000-toneladas-de-envases-en-los-vuelos-de-iberia","status":"publish","type":"post","link":"https:\/\/sertv.gob.pa\/crisolfm\/el-proyecto-zero-cabin-waste-recicla-mas-de-2-000-toneladas-de-envases-en-los-vuelos-de-iberia\/","title":{"rendered":"El proyecto &#8216;Zero Cabin Waste&#8217; recicla m\u00e1s de 2.000 toneladas de envases en los vuelos de Iberia"},"content":{"rendered":"<p>La iniciativa ten\u00eda como objetivo la<strong> correcta separaci\u00f3n de los residuos <\/strong>que se generan a bordo de los vuelos de Iberia para su posterior reciclado.<\/p>\n<p>Las entidades han dado a conocer este viernes los resultados de este LIFE, que comenz\u00f3 en 2016 con el an\u00e1lisis y caracterizaci\u00f3n de los residuos generados en los aviones, el posterior dise\u00f1o del trolley para poder realizar el correcto separado de los residuos y, por \u00faltimo, su implementaci\u00f3n en junio de 2019 en todos los vuelos que opera Iberia.<\/p>\n<p>As\u00ed, se ha logrado reciclar un total de 2.253 toneladas, una cifra que supone un aumento del 42 por ciento respecto a los datos registrados antes del comienzo del proyecto.<\/p>\n<p>Adem\u00e1s, se han realizado jornadas de formaci\u00f3n a m\u00e1s de 4.000 profesionales de la compa\u00f1\u00eda para sensibilizarles acerca de la importancia de reciclar para<strong> cuidar del medio ambiente<\/strong>.<\/p>\n<p>\u00abDesde que en Ecoembes comenzamos con nuestra actividad hace m\u00e1s de 20 a\u00f1os, hemos logrado que el ciudadano adopte el reciclaje como un h\u00e1bito en su d\u00eda a d\u00eda, separando los residuos que genera en casa y deposit\u00e1ndolos en los contenedores adecuados\u00bb.<\/p>\n<p>\u00abPero no nos conformamos y apostamos por llevar esta pr\u00e1ctica tambi\u00e9n a aquellos lugares en los que pasamos m\u00e1s tiempo, fuera de casa, y donde tambi\u00e9n generamos residuos\u00bb, ha explicado la responsable del proyecto Zero Cabin Waste en Ecoembes, Patricia Zamora.<\/p>\n<p>Por su parte, la <strong>directora de Sostenibilidad de Iberia<\/strong>, Teresa Parejo, ha se\u00f1alado que la separaci\u00f3n de los residuos que se generan a bordo es uno de los proyectos m\u00e1s importantes que desde la compa\u00f1\u00eda han desarrollado en compromiso con el Objetivo de Desarrollo Sostenible doce para promover una producci\u00f3n y consumo responsables.<\/p>\n<p>ECOticias<\/p>\n","protected":false},"excerpt":{"rendered":"<p>La iniciativa ten\u00eda como objetivo la correcta separaci\u00f3n de los <a href=\"https:\/\/sertv.gob.pa\/crisolfm\/el-proyecto-zero-cabin-waste-recicla-mas-de-2-000-toneladas-de-envases-en-los-vuelos-de-iberia\/\"> [&#8230;]<\/a><\/p>\n","protected":false},"author":64,"featured_media":25822,"comment_status":"closed","ping_status":"closed","sticky":false,"template":"","format":"standard","meta":{"footnotes":""},"categories":[7],"tags":[],"class_list":["post-25821","post","type-post","status-publish","format-standard","has-post-thumbnail","hentry","category-ecologicas"],"_links":{"self":[{"href":"https:\/\/sertv.gob.pa\/crisolfm\/wp-json\/wp\/v2\/posts\/25821","targetHints":{"allow":["GET"]}}],"collection":[{"href":"https:\/\/sertv.gob.pa\/crisolfm\/wp-json\/wp\/v2\/posts"}],"about":[{"href":"https:\/\/sertv.gob.pa\/crisolfm\/wp-json\/wp\/v2\/types\/post"}],"author":[{"embeddable":true,"href":"https:\/\/sertv.gob.pa\/crisolfm\/wp-json\/wp\/v2\/users\/64"}],"replies":[{"embeddable":true,"href":"https:\/\/sertv.gob.pa\/crisolfm\/wp-json\/wp\/v2\/comments?post=25821"}],"version-history":[{"count":1,"href":"https:\/\/sertv.gob.pa\/crisolfm\/wp-json\/wp\/v2\/posts\/25821\/revisions"}],"predecessor-version":[{"id":25823,"href":"https:\/\/sertv.gob.pa\/crisolfm\/wp-json\/wp\/v2\/posts\/25821\/revisions\/25823"}],"wp:featuredmedia":[{"embeddable":true,"href":"https:\/\/sertv.gob.pa\/crisolfm\/wp-json\/wp\/v2\/media\/25822"}],"wp:attachment":[{"href":"https:\/\/sertv.gob.pa\/crisolfm\/wp-json\/wp\/v2\/media?parent=25821"}],"wp:term":[{"taxonomy":"category","embeddable":true,"href":"https:\/\/sertv.gob.pa\/crisolfm\/wp-json\/wp\/v2\/categories?post=25821"},{"taxonomy":"post_tag","embeddable":true,"href":"https:\/\/sertv.gob.pa\/crisolfm\/wp-json\/wp\/v2\/tags?post=25821"}],"curies":[{"name":"wp","href":"https:\/\/api.w.org\/{rel}","templated":true}]}}