{"id":25827,"date":"2020-01-21T13:08:13","date_gmt":"2020-01-21T13:08:13","guid":{"rendered":"https:\/\/sertv.gob.pa\/crisolfm\/?p=25827"},"modified":"2020-01-21T13:08:13","modified_gmt":"2020-01-21T13:08:13","slug":"siguen-suspendidos-los-permisos-para-la-tala-de-arboles-en-todo-el-pais","status":"publish","type":"post","link":"https:\/\/sertv.gob.pa\/crisolfm\/siguen-suspendidos-los-permisos-para-la-tala-de-arboles-en-todo-el-pais\/","title":{"rendered":"Siguen suspendidos los permisos para la tala de \u00e1rboles en todo el pa\u00eds"},"content":{"rendered":"<p>Las autoridades del Ministerio de Ambiente con colaboraci\u00f3n de unidades de la Polic\u00eda Ecol\u00f3gica, y el apoyo de la ciudadan\u00eda, mantienen un combate permanente contra la tala de \u00e1rboles en todo el pa\u00eds, logrando el <strong>decomiso de madera ilegal e<\/strong> iniciando procesos administrativos y penales para los infractores que en su mayor\u00eda est\u00e1n siendo procesados por delitos ambientales.<\/p>\n<p>Como parte de las acciones para el combate de la tala, <strong>MiAMBIENTE emiti\u00f3 la Resoluci\u00f3n DM-0395-2019 del 13 de septiembre de 2019, publicada en Gaceta Oficial No 28861-B el 16 de septiembre de 2019,<\/strong> que en su art\u00edculo 1 establece la suspensi\u00f3n por un a\u00f1o, el otorgamiento de permisos especiales de aprovechamiento forestal con car\u00e1cter de subsistencia y sus modalidades, permisos comunitarios de aprovechamiento forestal y concesiones de aprovechamiento forestal, a excepci\u00f3n de aquellas solicitudes de dichos permisos en tr\u00e1mite, al momento que entr\u00f3 a regir este art\u00edculo.<\/p>\n<p>MiAmbiente destac\u00f3 que antes de la vigencia de dicha resoluci\u00f3n, exist\u00edan 13 permisos comunitarios de aprovechamiento forestal aprobados en administraciones anteriores, y 3 permisos en tr\u00e1mites, cada uno de estos permisos tiene actividades anuales de aprovechamiento forestal (PAC), los cuales el equipo t\u00e9cnico del Ministerio, le da seguimiento para evaluar si se est\u00e1 efectuando bajo los est\u00e1ndares normativos establecidos en los planes de manejo forestal, y de no cumplir con los mismos, ser\u00e1n suspendidos los permisos de inmediato. Por lo que informaron que desde la entrada en vigencia de la Resoluci\u00f3n DM-0395-2019, <strong>no se ha otorgado ni se dar\u00e1 ning\u00fan permiso de aprovechamiento forestal,<\/strong> tal como se estableci\u00f3.<\/p>\n<p>&nbsp;<\/p>\n","protected":false},"excerpt":{"rendered":"<p>Las autoridades del Ministerio de Ambiente con colaboraci\u00f3n de unidades <a href=\"https:\/\/sertv.gob.pa\/crisolfm\/siguen-suspendidos-los-permisos-para-la-tala-de-arboles-en-todo-el-pais\/\"> [&#8230;]<\/a><\/p>\n","protected":false},"author":64,"featured_media":25828,"comment_status":"closed","ping_status":"closed","sticky":false,"template":"","format":"standard","meta":{"footnotes":""},"categories":[7],"tags":[],"class_list":["post-25827","post","type-post","status-publish","format-standard","has-post-thumbnail","hentry","category-ecologicas"],"_links":{"self":[{"href":"https:\/\/sertv.gob.pa\/crisolfm\/wp-json\/wp\/v2\/posts\/25827","targetHints":{"allow":["GET"]}}],"collection":[{"href":"https:\/\/sertv.gob.pa\/crisolfm\/wp-json\/wp\/v2\/posts"}],"about":[{"href":"https:\/\/sertv.gob.pa\/crisolfm\/wp-json\/wp\/v2\/types\/post"}],"author":[{"embeddable":true,"href":"https:\/\/sertv.gob.pa\/crisolfm\/wp-json\/wp\/v2\/users\/64"}],"replies":[{"embeddable":true,"href":"https:\/\/sertv.gob.pa\/crisolfm\/wp-json\/wp\/v2\/comments?post=25827"}],"version-history":[{"count":1,"href":"https:\/\/sertv.gob.pa\/crisolfm\/wp-json\/wp\/v2\/posts\/25827\/revisions"}],"predecessor-version":[{"id":25829,"href":"https:\/\/sertv.gob.pa\/crisolfm\/wp-json\/wp\/v2\/posts\/25827\/revisions\/25829"}],"wp:featuredmedia":[{"embeddable":true,"href":"https:\/\/sertv.gob.pa\/crisolfm\/wp-json\/wp\/v2\/media\/25828"}],"wp:attachment":[{"href":"https:\/\/sertv.gob.pa\/crisolfm\/wp-json\/wp\/v2\/media?parent=25827"}],"wp:term":[{"taxonomy":"category","embeddable":true,"href":"https:\/\/sertv.gob.pa\/crisolfm\/wp-json\/wp\/v2\/categories?post=25827"},{"taxonomy":"post_tag","embeddable":true,"href":"https:\/\/sertv.gob.pa\/crisolfm\/wp-json\/wp\/v2\/tags?post=25827"}],"curies":[{"name":"wp","href":"https:\/\/api.w.org\/{rel}","templated":true}]}}