{"id":25834,"date":"2020-01-21T13:47:23","date_gmt":"2020-01-21T13:47:23","guid":{"rendered":"https:\/\/sertv.gob.pa\/crisolfm\/?p=25834"},"modified":"2020-01-21T13:47:23","modified_gmt":"2020-01-21T13:47:23","slug":"jacqueline-vreux-la-mujer-negra-es-fuente-de-inspiracion-fuerza-resistencia-y-valor","status":"publish","type":"post","link":"https:\/\/sertv.gob.pa\/crisolfm\/jacqueline-vreux-la-mujer-negra-es-fuente-de-inspiracion-fuerza-resistencia-y-valor\/","title":{"rendered":"Jacqueline Vreux: &#8216;La mujer negra es fuente de inspiraci\u00f3n, fuerza, resistencia y valor&#8217;"},"content":{"rendered":"<p>El amor y pasi\u00f3n por la moda han llevado a Jacqueline Vreux Leslie (Panam\u00e1, febrero de 1972) a luchar contra viento y marea para cumplir su mayor sue\u00f1o: ser dise\u00f1adora. Cuenta que desde temprana edad confeccionaba vestidos para ella y para sus mu\u00f1ecas. Empez\u00f3 formalmente en la industria en 2015. Luego comenz\u00f3 a exponer sus piezas en ferias y pasarelas.<\/p>\n<p>Para Vreux, el mundo de la moda est\u00e1 lleno de obst\u00e1culos a los que ha sabido enfrentarse. \u201cLos retos van desde vestir cuerpos totalmente diferentes en cada una de las modelos hasta encontrar el reconocimiento y apoyo de las personas\u201d.<\/p>\n<p>La dise\u00f1adora asegura que desafortunadamente en Panam\u00e1 todav\u00eda no se considera que es posible vivir de la moda, el arte y la cultura. \u201cEs una profesi\u00f3n como cualquier otra\u201d, dijo. Igualmente refleja su preocupaci\u00f3n cuando habla de posicionar las piezas en el mercado: \u201cmuchas veces es dif\u00edcil. Ojal\u00e1 las compa\u00f1\u00edas privadas e instituciones gubernamentales brinden m\u00e1s apoyo para el artesano y el artista local\u201d.<\/p>\n<p>El trabajo de la creativa istme\u00f1a se basa en la confecci\u00f3n de vestuarios en los que plasma estampados con pinturas en acr\u00edlico, representando a trav\u00e9s de dibujos, formas que rinden tributo a la cultura t\u00edpica y afrodescendiente.<\/p>\n<p>Vreux comenta que le encanta fusionar el pincel con la moda porque lo considera \u201cun arte en movimiento\u201d y a\u00f1ade que la idea es mostrar en sus pasarelas una galer\u00eda andante con atuendos \u00fanicos.<\/p>\n<p>Para la dise\u00f1adora resaltar la cultura local es lo primero. \u201cAmo las costumbres paname\u00f1as. Este suelo fue el que me vio nacer. Hay tantas bellezas que me inspiran a plasmarlas en todas las piezas que elaboro, ya sea de vestuario o decoraci\u00f3n\u201d, comenta.<\/p>\n<p>Al referirse al trabajo que destaca la cultura afro, enfatiza que \u201cla mujer negra es fuente de inspiraci\u00f3n, fuerza, resistencia y valor. Me gusta pintar damas mostrando orgullosas sus &#8216;coronas naturales&#8217;\u201d, afros y luciendo turbantes coloridos.<\/p>\n<p>&nbsp;<\/p>\n","protected":false},"excerpt":{"rendered":"<p>El amor y pasi\u00f3n por la moda han llevado a <a href=\"https:\/\/sertv.gob.pa\/crisolfm\/jacqueline-vreux-la-mujer-negra-es-fuente-de-inspiracion-fuerza-resistencia-y-valor\/\"> [&#8230;]<\/a><\/p>\n","protected":false},"author":64,"featured_media":25835,"comment_status":"closed","ping_status":"closed","sticky":false,"template":"","format":"standard","meta":{"footnotes":""},"categories":[6],"tags":[],"class_list":["post-25834","post","type-post","status-publish","format-standard","has-post-thumbnail","hentry","category-culturales"],"_links":{"self":[{"href":"https:\/\/sertv.gob.pa\/crisolfm\/wp-json\/wp\/v2\/posts\/25834","targetHints":{"allow":["GET"]}}],"collection":[{"href":"https:\/\/sertv.gob.pa\/crisolfm\/wp-json\/wp\/v2\/posts"}],"about":[{"href":"https:\/\/sertv.gob.pa\/crisolfm\/wp-json\/wp\/v2\/types\/post"}],"author":[{"embeddable":true,"href":"https:\/\/sertv.gob.pa\/crisolfm\/wp-json\/wp\/v2\/users\/64"}],"replies":[{"embeddable":true,"href":"https:\/\/sertv.gob.pa\/crisolfm\/wp-json\/wp\/v2\/comments?post=25834"}],"version-history":[{"count":1,"href":"https:\/\/sertv.gob.pa\/crisolfm\/wp-json\/wp\/v2\/posts\/25834\/revisions"}],"predecessor-version":[{"id":25836,"href":"https:\/\/sertv.gob.pa\/crisolfm\/wp-json\/wp\/v2\/posts\/25834\/revisions\/25836"}],"wp:featuredmedia":[{"embeddable":true,"href":"https:\/\/sertv.gob.pa\/crisolfm\/wp-json\/wp\/v2\/media\/25835"}],"wp:attachment":[{"href":"https:\/\/sertv.gob.pa\/crisolfm\/wp-json\/wp\/v2\/media?parent=25834"}],"wp:term":[{"taxonomy":"category","embeddable":true,"href":"https:\/\/sertv.gob.pa\/crisolfm\/wp-json\/wp\/v2\/categories?post=25834"},{"taxonomy":"post_tag","embeddable":true,"href":"https:\/\/sertv.gob.pa\/crisolfm\/wp-json\/wp\/v2\/tags?post=25834"}],"curies":[{"name":"wp","href":"https:\/\/api.w.org\/{rel}","templated":true}]}}