{"id":25837,"date":"2020-01-21T13:53:54","date_gmt":"2020-01-21T13:53:54","guid":{"rendered":"https:\/\/sertv.gob.pa\/crisolfm\/?p=25837"},"modified":"2020-01-21T13:53:54","modified_gmt":"2020-01-21T13:53:54","slug":"sinaproc-solicita-a-la-poblacion-prevencion-por-desplazamiento-de-frente-frio-y-bajas-presiones","status":"publish","type":"post","link":"https:\/\/sertv.gob.pa\/crisolfm\/sinaproc-solicita-a-la-poblacion-prevencion-por-desplazamiento-de-frente-frio-y-bajas-presiones\/","title":{"rendered":"Sinaproc solicita a la poblaci\u00f3n prevenci\u00f3n por desplazamiento de frente fr\u00edo y bajas presiones"},"content":{"rendered":"<p>La Oficina de Pron\u00f3stico y Vigilancia Meteorol\u00f3gica de la Empresa de Transmisi\u00f3n El\u00e9ctrica (Etesa) inform\u00f3 que las condiciones del tiempo para esta semana en Panam\u00e1, estar\u00e1n influenciadas por el paso de un frente fr\u00edo sobre Centroam\u00e9rica, aunado a bajas presiones, el cual ir\u00e1 variando e influyendo en las condiciones atmosf\u00e9ricas sobre la regi\u00f3n.<\/p>\n<p>Los pron\u00f3sticos enfatizan lluvias para las provincias de Bocas de Toro, comarcas Ng\u00e4be Bugl\u00e9 y Guna Yala;\u00a0Norte de Veraguas, Chiriqu\u00ed y Col\u00f3n.<\/p>\n<p>Se prev\u00e9n condiciones ventosas para las cordilleras y serran\u00edas del Caribe y el Pac\u00edfico paname\u00f1o.<\/p>\n<p>Para el 23 al 24 de enero, hay probabilidades de aguaceros dispersos durante la tarde en algunas provincias de la vertiente del Pac\u00edfico.<\/p>\n<p>\u201cEste sistema puede aportar condiciones ventosas sobre el pa\u00eds con velocidades sostenidas desde los 20 hasta los 50 kil\u00f3metros por hora y con algunas r\u00e1fagas superiores a los 70 kil\u00f3metros por hora. Estas r\u00e1fagas con mayor presencia en los sectores monta\u00f1osos o cordilleras\u201d, indic\u00f3 el Sistema Nacional de Protecci\u00f3n Civil (Sinaproc).<\/p>\n<p>Ante este pron\u00f3stico, el Centro de Operaciones de Emergencias Nacional (COEN) emiti\u00f3\u0301 a partir de las 2:00 p.m. de este lunes hasta las 11:59 p.m. del s\u00e1bado, 25 de enero, Aviso de Prevenci\u00f3n (vigilancia y monitoreo), por el desplazamiento de este frente fr\u00edo sobre el pa\u00eds.<\/p>\n<p>El director general del Sinaproc, Carlos A. Rumbo, dijo que se vigilar\u00e1 el paso del frente fr\u00edo, que en este momento est\u00e1 en la pen\u00ednsula de Yucat\u00e1n. \u201cEstaremos pendiente a su desarrollo a medida que avance en las costas caribe\u00f1as para los pr\u00f3ximos tres d\u00edas. Los frentes fr\u00edos son frecuentes para esta \u00e9poca en el Caribe\u201d.<\/p>\n<p>La entidad recomienda a la poblaci\u00f3n que reside en zonas vulnerables a inundaciones y deslizamientos de tierra, que debera\u0301n seguir las medidas de prevencio\u0301n, como las de evitar visitar ri\u0301os, quebradas y montan\u0303as. No cruzar ri\u0301os, ya que las cabezas de aguas son repentinas y peligrosas, y alejarse de zonas con posible riesgo a deslizamientos.<\/p>\n<p>Sinaproc a\u00f1adi\u00f3 que debido al aumento en los vientos, las embarcaciones livianas, debera\u0301n extremar medidas de seguridad en el mar (Caribe y Pac\u00edfico), usar el dispositivo de flotacio\u0301n (chaleco salvavidas) y los ban\u0303istas deben seguir las medidas de prevencio\u0301n en playas.<\/p>\n<p>&nbsp;<\/p>\n","protected":false},"excerpt":{"rendered":"<p>La Oficina de Pron\u00f3stico y Vigilancia Meteorol\u00f3gica de la Empresa <a href=\"https:\/\/sertv.gob.pa\/crisolfm\/sinaproc-solicita-a-la-poblacion-prevencion-por-desplazamiento-de-frente-frio-y-bajas-presiones\/\"> [&#8230;]<\/a><\/p>\n","protected":false},"author":64,"featured_media":25838,"comment_status":"closed","ping_status":"closed","sticky":false,"template":"","format":"standard","meta":{"footnotes":""},"categories":[7],"tags":[],"class_list":["post-25837","post","type-post","status-publish","format-standard","has-post-thumbnail","hentry","category-ecologicas"],"_links":{"self":[{"href":"https:\/\/sertv.gob.pa\/crisolfm\/wp-json\/wp\/v2\/posts\/25837","targetHints":{"allow":["GET"]}}],"collection":[{"href":"https:\/\/sertv.gob.pa\/crisolfm\/wp-json\/wp\/v2\/posts"}],"about":[{"href":"https:\/\/sertv.gob.pa\/crisolfm\/wp-json\/wp\/v2\/types\/post"}],"author":[{"embeddable":true,"href":"https:\/\/sertv.gob.pa\/crisolfm\/wp-json\/wp\/v2\/users\/64"}],"replies":[{"embeddable":true,"href":"https:\/\/sertv.gob.pa\/crisolfm\/wp-json\/wp\/v2\/comments?post=25837"}],"version-history":[{"count":1,"href":"https:\/\/sertv.gob.pa\/crisolfm\/wp-json\/wp\/v2\/posts\/25837\/revisions"}],"predecessor-version":[{"id":25839,"href":"https:\/\/sertv.gob.pa\/crisolfm\/wp-json\/wp\/v2\/posts\/25837\/revisions\/25839"}],"wp:featuredmedia":[{"embeddable":true,"href":"https:\/\/sertv.gob.pa\/crisolfm\/wp-json\/wp\/v2\/media\/25838"}],"wp:attachment":[{"href":"https:\/\/sertv.gob.pa\/crisolfm\/wp-json\/wp\/v2\/media?parent=25837"}],"wp:term":[{"taxonomy":"category","embeddable":true,"href":"https:\/\/sertv.gob.pa\/crisolfm\/wp-json\/wp\/v2\/categories?post=25837"},{"taxonomy":"post_tag","embeddable":true,"href":"https:\/\/sertv.gob.pa\/crisolfm\/wp-json\/wp\/v2\/tags?post=25837"}],"curies":[{"name":"wp","href":"https:\/\/api.w.org\/{rel}","templated":true}]}}