{"id":25843,"date":"2020-01-21T14:17:19","date_gmt":"2020-01-21T14:17:19","guid":{"rendered":"https:\/\/sertv.gob.pa\/crisolfm\/?p=25843"},"modified":"2020-01-21T14:17:19","modified_gmt":"2020-01-21T14:17:19","slug":"tras-decadas-de-dudas-confirman-autoria-de-van-gogh-de-autorretrato-sombrio","status":"publish","type":"post","link":"https:\/\/sertv.gob.pa\/crisolfm\/tras-decadas-de-dudas-confirman-autoria-de-van-gogh-de-autorretrato-sombrio\/","title":{"rendered":"Tras d\u00e9cadas de dudas, confirman autor\u00eda de Van Gogh de autorretrato sombr\u00edo"},"content":{"rendered":"<p>Investigadores holandeses confirmaron este lunes la autor\u00eda de Vincent van Gogh de un melanc\u00f3lico autorretrato pintado durante un episodio de psicosis, el \u00fanico que realiz\u00f3 el artista holand\u00e9s durante este periodo.<\/p>\n<p>El \u00abAutorretrato (1889)\u00bb, que le muestra en un estado melanc\u00f3lico mirando de reojo sobre un fondo azul y amarillo, es aut\u00e9ntico, confirm\u00f3 el Museo Van Gogh de \u00c1msterdam.<\/p>\n<p>Las primeras dudas sobre la autenticidad de la obra, propiedad del Museo Nacional de Oslo (Noruega), surgieron en 1970 pero en 2014 el museo noruego quiso poner fin a las especulaciones y la envi\u00f3 a los expertos holandeses para que las dilucidaran.<\/p>\n<p>Mediante rayos X, estudios de las pinceladas y referencias en cartas a su hermano Theo, los expertos establecieron que fue Van Gogh quien se autorretrat\u00f3 cuando estaba en un asilo de Saint-Remy, sur de Francia, a finales del verano de 1889.<\/p>\n<p>\u00abEl autorretrato que est\u00e1 detr\u00e1s de mi ha sido objeto de duda durante mucho tiempo\u00bb, dijo a la AFP Louis van Tilborgh, investigador del Museo Van Gogh, mientras mostraba el cuadro.<\/p>\n<p>\u00abEs una pieza de arte que por un sinn\u00famero de razones lo hizo \u00e9l pero, no obstante, hab\u00eda algunos aspectos que eran diferentes de otras obras. Por eso ten\u00edamos que encontrar una explicaci\u00f3n y fue dif\u00edcil, pero creemos que lo hemos resuelto\u00bb, agreg\u00f3.<\/p>\n<p>AFP<\/p>\n","protected":false},"excerpt":{"rendered":"<p>Investigadores holandeses confirmaron este lunes la autor\u00eda de Vincent van <a href=\"https:\/\/sertv.gob.pa\/crisolfm\/tras-decadas-de-dudas-confirman-autoria-de-van-gogh-de-autorretrato-sombrio\/\"> [&#8230;]<\/a><\/p>\n","protected":false},"author":64,"featured_media":25844,"comment_status":"closed","ping_status":"closed","sticky":false,"template":"","format":"standard","meta":{"footnotes":""},"categories":[6],"tags":[],"class_list":["post-25843","post","type-post","status-publish","format-standard","has-post-thumbnail","hentry","category-culturales"],"_links":{"self":[{"href":"https:\/\/sertv.gob.pa\/crisolfm\/wp-json\/wp\/v2\/posts\/25843","targetHints":{"allow":["GET"]}}],"collection":[{"href":"https:\/\/sertv.gob.pa\/crisolfm\/wp-json\/wp\/v2\/posts"}],"about":[{"href":"https:\/\/sertv.gob.pa\/crisolfm\/wp-json\/wp\/v2\/types\/post"}],"author":[{"embeddable":true,"href":"https:\/\/sertv.gob.pa\/crisolfm\/wp-json\/wp\/v2\/users\/64"}],"replies":[{"embeddable":true,"href":"https:\/\/sertv.gob.pa\/crisolfm\/wp-json\/wp\/v2\/comments?post=25843"}],"version-history":[{"count":1,"href":"https:\/\/sertv.gob.pa\/crisolfm\/wp-json\/wp\/v2\/posts\/25843\/revisions"}],"predecessor-version":[{"id":25845,"href":"https:\/\/sertv.gob.pa\/crisolfm\/wp-json\/wp\/v2\/posts\/25843\/revisions\/25845"}],"wp:featuredmedia":[{"embeddable":true,"href":"https:\/\/sertv.gob.pa\/crisolfm\/wp-json\/wp\/v2\/media\/25844"}],"wp:attachment":[{"href":"https:\/\/sertv.gob.pa\/crisolfm\/wp-json\/wp\/v2\/media?parent=25843"}],"wp:term":[{"taxonomy":"category","embeddable":true,"href":"https:\/\/sertv.gob.pa\/crisolfm\/wp-json\/wp\/v2\/categories?post=25843"},{"taxonomy":"post_tag","embeddable":true,"href":"https:\/\/sertv.gob.pa\/crisolfm\/wp-json\/wp\/v2\/tags?post=25843"}],"curies":[{"name":"wp","href":"https:\/\/api.w.org\/{rel}","templated":true}]}}