{"id":25874,"date":"2020-01-22T13:15:34","date_gmt":"2020-01-22T13:15:34","guid":{"rendered":"https:\/\/sertv.gob.pa\/crisolfm\/?p=25874"},"modified":"2020-01-22T13:15:34","modified_gmt":"2020-01-22T13:15:34","slug":"festival-folklorico-de-panama-2020-es-aprobado-por-consejo-municipal","status":"publish","type":"post","link":"https:\/\/sertv.gob.pa\/crisolfm\/festival-folklorico-de-panama-2020-es-aprobado-por-consejo-municipal\/","title":{"rendered":"Festival Folkl\u00f3rico de Panam\u00e1 2020 es aprobado por Consejo Municipal"},"content":{"rendered":"<p>El alcalde capitalino, <a href=\"https:\/\/www.prensa.com\/tema\/jos-luis-f-brega\/\" target=\"_blank\" rel=\"noopener\">Jos\u00e9 Luis F\u00e1brega<\/a>, dio a conocer que durante la sesi\u00f3n del Consejo Municipal de este martes 21 de enero, se aprob\u00f3 la realizaci\u00f3n del <strong>Festival Folkl\u00f3rico de Panam\u00e1 2020<\/strong>, para el pr\u00f3ximo 26 de abril en la cinta costera.<\/p>\n<p>\u201cBuscamos resaltar nuestro folklore y promover nuestra ciudad tur\u00edsticamente\u201d, manifest\u00f3 F\u00e1brega en su cuenta de Twitter.<\/p>\n<p>El pasado mes de noviembre se hab\u00eda anunciado que la comuna capitalina organizar\u00eda un desfile similar al de Las Mil Polleras, el cual ten\u00eda previsto efectuarse dos semanas despu\u00e9s del evento table\u00f1o. \u00a0No obstante , esta idea fue modificada.<\/p>\n<p>\u201cLa intenci\u00f3n es el desarrollo de las manifestaciones culturales del pa\u00eds y aprovechar la posici\u00f3n privilegiada que tiene la ciudad de Panam\u00e1 como foco del turismo internacional y convertirla en una vitrina que permita exhibir la pollera paname\u00f1a\u201d, explic\u00f3 en su momento la Alcald\u00eda de Panam\u00e1.<\/p>\n","protected":false},"excerpt":{"rendered":"<p>El alcalde capitalino, Jos\u00e9 Luis F\u00e1brega, dio a conocer que <a href=\"https:\/\/sertv.gob.pa\/crisolfm\/festival-folklorico-de-panama-2020-es-aprobado-por-consejo-municipal\/\"> [&#8230;]<\/a><\/p>\n","protected":false},"author":64,"featured_media":25875,"comment_status":"closed","ping_status":"closed","sticky":false,"template":"","format":"standard","meta":{"footnotes":""},"categories":[6],"tags":[],"class_list":["post-25874","post","type-post","status-publish","format-standard","has-post-thumbnail","hentry","category-culturales"],"_links":{"self":[{"href":"https:\/\/sertv.gob.pa\/crisolfm\/wp-json\/wp\/v2\/posts\/25874","targetHints":{"allow":["GET"]}}],"collection":[{"href":"https:\/\/sertv.gob.pa\/crisolfm\/wp-json\/wp\/v2\/posts"}],"about":[{"href":"https:\/\/sertv.gob.pa\/crisolfm\/wp-json\/wp\/v2\/types\/post"}],"author":[{"embeddable":true,"href":"https:\/\/sertv.gob.pa\/crisolfm\/wp-json\/wp\/v2\/users\/64"}],"replies":[{"embeddable":true,"href":"https:\/\/sertv.gob.pa\/crisolfm\/wp-json\/wp\/v2\/comments?post=25874"}],"version-history":[{"count":1,"href":"https:\/\/sertv.gob.pa\/crisolfm\/wp-json\/wp\/v2\/posts\/25874\/revisions"}],"predecessor-version":[{"id":25876,"href":"https:\/\/sertv.gob.pa\/crisolfm\/wp-json\/wp\/v2\/posts\/25874\/revisions\/25876"}],"wp:featuredmedia":[{"embeddable":true,"href":"https:\/\/sertv.gob.pa\/crisolfm\/wp-json\/wp\/v2\/media\/25875"}],"wp:attachment":[{"href":"https:\/\/sertv.gob.pa\/crisolfm\/wp-json\/wp\/v2\/media?parent=25874"}],"wp:term":[{"taxonomy":"category","embeddable":true,"href":"https:\/\/sertv.gob.pa\/crisolfm\/wp-json\/wp\/v2\/categories?post=25874"},{"taxonomy":"post_tag","embeddable":true,"href":"https:\/\/sertv.gob.pa\/crisolfm\/wp-json\/wp\/v2\/tags?post=25874"}],"curies":[{"name":"wp","href":"https:\/\/api.w.org\/{rel}","templated":true}]}}