{"id":25877,"date":"2020-01-22T13:19:44","date_gmt":"2020-01-22T13:19:44","guid":{"rendered":"https:\/\/sertv.gob.pa\/crisolfm\/?p=25877"},"modified":"2020-01-22T13:19:44","modified_gmt":"2020-01-22T13:19:44","slug":"un-grupo-de-mujeres-de-la-comarca-embera-wounaan-protesta-contra-la-tala-de-los-bosques","status":"publish","type":"post","link":"https:\/\/sertv.gob.pa\/crisolfm\/un-grupo-de-mujeres-de-la-comarca-embera-wounaan-protesta-contra-la-tala-de-los-bosques\/","title":{"rendered":"Un grupo de mujeres de la comarca Ember\u00e1 Wounaan protesta contra la tala de los bosques"},"content":{"rendered":"<p>Un grupo de mujeres Ember\u00e1 y Wounaan se moviliz\u00f3 este martes 21 de enero en Metet\u00ed, provincia de Dari\u00e9n, para protestar contra la tala de los bosques dentro la comarca. Con pancartas en mano y gritando consignas, m\u00e1s de 50 mujeres indicaban que ya se han presentado denuncias de deforestaci\u00f3n ilegal en la comarca y son pocos los resultados que se han obtenido.<\/p>\n<p>M\u00e1s tarde, el Congreso General de la Comarca Ember\u00e1 Wounaan se\u00f1al\u00f3 en un comunicado que el Ministerio de Ambiente, no ha otorgado ning\u00fan permiso comunitario nuevo para tala, una vez entrada en vigencia la <strong>Resoluci\u00f3n DM- 0395-2019 del 13 de septiembre de 2019 <\/strong>que declar\u00f3 una moratoria de un a\u00f1o contra nuevos permisos de tala.<\/p>\n<p>Mediante resoluci\u00f3n firmada por el Cacique General, Edilfonso Aj\u00ed y l\u00edderes de las comunidades forestales de la comarca, reiteraron que las comunidades ind\u00edgenas tienen la propiedad colectiva sobre sus tierras que incluyen el aprovechamiento forestal y el Plan Estrat\u00e9gico para mejorar la calidad de vida del pueblo Ember\u00e1 Wounaan y estipula en su componente del sector forestal, someterse a la aplicaci\u00f3n de planes de manejo forestal de forma sostenible.<\/p>\n<p>En tanto, el <a href=\"https:\/\/www.prensa.com\/tema\/ministerio-de-ambiente\/\" target=\"_blank\" rel=\"noopener\">Ministerio de Ambiente <\/a>inform\u00f3 que junto a la Polic\u00eda ambiental mantienen una constante pol\u00edtica de di\u00e1logo con todos los pueblos originarios, con respeto a sus costumbres y tradiciones como parte del desarrollo integral del pa\u00eds. Adem\u00e1s, reiter\u00f3 que desde que se declar\u00f3 la moratoria no han emitido nuevos permisos de tala en la provincia de Dari\u00e9n.<\/p>\n<p>&nbsp;<\/p>\n","protected":false},"excerpt":{"rendered":"<p>Un grupo de mujeres Ember\u00e1 y Wounaan se moviliz\u00f3 este <a href=\"https:\/\/sertv.gob.pa\/crisolfm\/un-grupo-de-mujeres-de-la-comarca-embera-wounaan-protesta-contra-la-tala-de-los-bosques\/\"> [&#8230;]<\/a><\/p>\n","protected":false},"author":64,"featured_media":25878,"comment_status":"closed","ping_status":"closed","sticky":false,"template":"","format":"standard","meta":{"footnotes":""},"categories":[7],"tags":[],"class_list":["post-25877","post","type-post","status-publish","format-standard","has-post-thumbnail","hentry","category-ecologicas"],"_links":{"self":[{"href":"https:\/\/sertv.gob.pa\/crisolfm\/wp-json\/wp\/v2\/posts\/25877","targetHints":{"allow":["GET"]}}],"collection":[{"href":"https:\/\/sertv.gob.pa\/crisolfm\/wp-json\/wp\/v2\/posts"}],"about":[{"href":"https:\/\/sertv.gob.pa\/crisolfm\/wp-json\/wp\/v2\/types\/post"}],"author":[{"embeddable":true,"href":"https:\/\/sertv.gob.pa\/crisolfm\/wp-json\/wp\/v2\/users\/64"}],"replies":[{"embeddable":true,"href":"https:\/\/sertv.gob.pa\/crisolfm\/wp-json\/wp\/v2\/comments?post=25877"}],"version-history":[{"count":1,"href":"https:\/\/sertv.gob.pa\/crisolfm\/wp-json\/wp\/v2\/posts\/25877\/revisions"}],"predecessor-version":[{"id":25879,"href":"https:\/\/sertv.gob.pa\/crisolfm\/wp-json\/wp\/v2\/posts\/25877\/revisions\/25879"}],"wp:featuredmedia":[{"embeddable":true,"href":"https:\/\/sertv.gob.pa\/crisolfm\/wp-json\/wp\/v2\/media\/25878"}],"wp:attachment":[{"href":"https:\/\/sertv.gob.pa\/crisolfm\/wp-json\/wp\/v2\/media?parent=25877"}],"wp:term":[{"taxonomy":"category","embeddable":true,"href":"https:\/\/sertv.gob.pa\/crisolfm\/wp-json\/wp\/v2\/categories?post=25877"},{"taxonomy":"post_tag","embeddable":true,"href":"https:\/\/sertv.gob.pa\/crisolfm\/wp-json\/wp\/v2\/tags?post=25877"}],"curies":[{"name":"wp","href":"https:\/\/api.w.org\/{rel}","templated":true}]}}