{"id":25882,"date":"2020-01-22T13:26:06","date_gmt":"2020-01-22T13:26:06","guid":{"rendered":"https:\/\/sertv.gob.pa\/crisolfm\/?p=25882"},"modified":"2020-01-22T13:26:06","modified_gmt":"2020-01-22T13:26:06","slug":"primera-edicion-del-cine-picnic-del-23-al-26-de-enero","status":"publish","type":"post","link":"https:\/\/sertv.gob.pa\/crisolfm\/primera-edicion-del-cine-picnic-del-23-al-26-de-enero\/","title":{"rendered":"Primera edici\u00f3n del Cine Picnic del 23 al 26 de enero"},"content":{"rendered":"<p>En Panam\u00e1, los amantes del s\u00e9ptimo arte podr\u00e1n experimentar la atm\u00f3sfera especial de las funciones de cine al aire libre mientras cae la tarde, durante la primera edici\u00f3n del <strong>Cine Picnic <\/strong>del 23 al 26 de enero. La entrada es gratuita. \u00a0Se trata de una iniciativa que brinda una alternativa familiar poco frecuente en el pa\u00eds, para apreciar cine nacional y t\u00edtulos taquilleros internacionales, adem\u00e1s de espacios para innovaciones en gastronom\u00eda, arte y m\u00fasica.<\/p>\n<p>La actividad se realizar\u00e1 de 5:00 p.m. a 11:00 p.m. e inaugurar\u00e1 el reci\u00e9n creado Auditorio JMJ, un nuevo espacio p\u00fablico localizado en Mirador del Pac\u00edfico, cinta costera, usando por primera vez durante la celebraci\u00f3n de la Jornada Mundial de la Juventud en enero de 2019.<\/p>\n<p>Habr\u00e1 dos franjas de exhibici\u00f3n de pel\u00edculas para adultos y ni\u00f1os. La tanda infantil se iniciar\u00e1 a las 6:30 p.m., mientras que el p\u00fablico en general disfrutar\u00e1 del resto de la cartelera a partir de las 8:30 p.m.<\/p>\n<p>Entre algunas de las pel\u00edculas que se podr\u00e1n ver est\u00e1n las taquilleras<strong> Toy Story 4 <\/strong>y <strong>Avengers Endgame <\/strong>para los m\u00e1s peque\u00f1os, mientras que igualmente se podr\u00e1 apreciar la pel\u00edcula biopic del vocalista de la banda brit\u00e1nica Queen Freddie Mercury, mejor conocida como <strong>Bohemian Rhapsody<\/strong> y el documental <strong>Yo no me llamo Rub\u00e9n Blades <\/strong>dirigido por el cineasta Abner Benaim, sobre la vida y obra del cantautor paname\u00f1o Rub\u00e9n Blades.<\/p>\n<p>&nbsp;<\/p>\n","protected":false},"excerpt":{"rendered":"<p>En Panam\u00e1, los amantes del s\u00e9ptimo arte podr\u00e1n experimentar la <a href=\"https:\/\/sertv.gob.pa\/crisolfm\/primera-edicion-del-cine-picnic-del-23-al-26-de-enero\/\"> [&#8230;]<\/a><\/p>\n","protected":false},"author":64,"featured_media":25883,"comment_status":"closed","ping_status":"closed","sticky":false,"template":"","format":"standard","meta":{"footnotes":""},"categories":[6],"tags":[],"class_list":["post-25882","post","type-post","status-publish","format-standard","has-post-thumbnail","hentry","category-culturales"],"_links":{"self":[{"href":"https:\/\/sertv.gob.pa\/crisolfm\/wp-json\/wp\/v2\/posts\/25882","targetHints":{"allow":["GET"]}}],"collection":[{"href":"https:\/\/sertv.gob.pa\/crisolfm\/wp-json\/wp\/v2\/posts"}],"about":[{"href":"https:\/\/sertv.gob.pa\/crisolfm\/wp-json\/wp\/v2\/types\/post"}],"author":[{"embeddable":true,"href":"https:\/\/sertv.gob.pa\/crisolfm\/wp-json\/wp\/v2\/users\/64"}],"replies":[{"embeddable":true,"href":"https:\/\/sertv.gob.pa\/crisolfm\/wp-json\/wp\/v2\/comments?post=25882"}],"version-history":[{"count":1,"href":"https:\/\/sertv.gob.pa\/crisolfm\/wp-json\/wp\/v2\/posts\/25882\/revisions"}],"predecessor-version":[{"id":25884,"href":"https:\/\/sertv.gob.pa\/crisolfm\/wp-json\/wp\/v2\/posts\/25882\/revisions\/25884"}],"wp:featuredmedia":[{"embeddable":true,"href":"https:\/\/sertv.gob.pa\/crisolfm\/wp-json\/wp\/v2\/media\/25883"}],"wp:attachment":[{"href":"https:\/\/sertv.gob.pa\/crisolfm\/wp-json\/wp\/v2\/media?parent=25882"}],"wp:term":[{"taxonomy":"category","embeddable":true,"href":"https:\/\/sertv.gob.pa\/crisolfm\/wp-json\/wp\/v2\/categories?post=25882"},{"taxonomy":"post_tag","embeddable":true,"href":"https:\/\/sertv.gob.pa\/crisolfm\/wp-json\/wp\/v2\/tags?post=25882"}],"curies":[{"name":"wp","href":"https:\/\/api.w.org\/{rel}","templated":true}]}}