{"id":25892,"date":"2020-01-22T14:19:30","date_gmt":"2020-01-22T14:19:30","guid":{"rendered":"https:\/\/sertv.gob.pa\/crisolfm\/?p=25892"},"modified":"2020-01-22T14:19:30","modified_gmt":"2020-01-22T14:19:30","slug":"macrofest-2020-el-evento-cultural-y-creativo-mas-esperado-del-verano-ya-se-acerca","status":"publish","type":"post","link":"https:\/\/sertv.gob.pa\/crisolfm\/macrofest-2020-el-evento-cultural-y-creativo-mas-esperado-del-verano-ya-se-acerca\/","title":{"rendered":"Macrofest 2020, el evento cultural y creativo m\u00e1s esperado del verano ya se acerca"},"content":{"rendered":"<p>Marzo ser\u00e1 el mes m\u00e1s esperado por los apasionados del arte, ya que se estar\u00e1 llevando a cabo el festival cultural de manifestaciones creativas m\u00e1s longevo del pa\u00eds: Macrofest 2020.\u00a0Este festival sirve como propulsor para promesas del arte local en diferentes disciplinas y brinda espacios de conexi\u00f3n para los amantes del arte, la creatividad y el dise\u00f1o en general.<\/p>\n<p>De corte gratuito, sus contenidos agudizan todos los sentidos y brindan una perspectiva distinta de la escena nacional. \u00abAbrimos nuestras mentes para llenarlas de arte y lograr que los talentos locales trasciendan, crezcan y se inspiren con la retroalimentaci\u00f3n de cientos de personas que aprecian sus expresiones de arte\u00bb, se\u00f1ala una de sus organizadoras.<\/p>\n<p>MACRO es sin\u00f3nimo de grandeza, es el <em>spotlight <\/em>perfecto para apreciar cualquier manifestaci\u00f3n creativa, para celebrar con energ\u00eda la industria creativa y disfrutar del fascinante verano que ofrece el pa\u00eds.<\/p>\n<p>&nbsp;<\/p>\n","protected":false},"excerpt":{"rendered":"<p>Marzo ser\u00e1 el mes m\u00e1s esperado por los apasionados del <a href=\"https:\/\/sertv.gob.pa\/crisolfm\/macrofest-2020-el-evento-cultural-y-creativo-mas-esperado-del-verano-ya-se-acerca\/\"> [&#8230;]<\/a><\/p>\n","protected":false},"author":64,"featured_media":25893,"comment_status":"closed","ping_status":"closed","sticky":false,"template":"","format":"standard","meta":{"footnotes":""},"categories":[6],"tags":[],"class_list":["post-25892","post","type-post","status-publish","format-standard","has-post-thumbnail","hentry","category-culturales"],"_links":{"self":[{"href":"https:\/\/sertv.gob.pa\/crisolfm\/wp-json\/wp\/v2\/posts\/25892","targetHints":{"allow":["GET"]}}],"collection":[{"href":"https:\/\/sertv.gob.pa\/crisolfm\/wp-json\/wp\/v2\/posts"}],"about":[{"href":"https:\/\/sertv.gob.pa\/crisolfm\/wp-json\/wp\/v2\/types\/post"}],"author":[{"embeddable":true,"href":"https:\/\/sertv.gob.pa\/crisolfm\/wp-json\/wp\/v2\/users\/64"}],"replies":[{"embeddable":true,"href":"https:\/\/sertv.gob.pa\/crisolfm\/wp-json\/wp\/v2\/comments?post=25892"}],"version-history":[{"count":1,"href":"https:\/\/sertv.gob.pa\/crisolfm\/wp-json\/wp\/v2\/posts\/25892\/revisions"}],"predecessor-version":[{"id":25894,"href":"https:\/\/sertv.gob.pa\/crisolfm\/wp-json\/wp\/v2\/posts\/25892\/revisions\/25894"}],"wp:featuredmedia":[{"embeddable":true,"href":"https:\/\/sertv.gob.pa\/crisolfm\/wp-json\/wp\/v2\/media\/25893"}],"wp:attachment":[{"href":"https:\/\/sertv.gob.pa\/crisolfm\/wp-json\/wp\/v2\/media?parent=25892"}],"wp:term":[{"taxonomy":"category","embeddable":true,"href":"https:\/\/sertv.gob.pa\/crisolfm\/wp-json\/wp\/v2\/categories?post=25892"},{"taxonomy":"post_tag","embeddable":true,"href":"https:\/\/sertv.gob.pa\/crisolfm\/wp-json\/wp\/v2\/tags?post=25892"}],"curies":[{"name":"wp","href":"https:\/\/api.w.org\/{rel}","templated":true}]}}