{"id":25895,"date":"2020-01-22T14:32:40","date_gmt":"2020-01-22T14:32:40","guid":{"rendered":"https:\/\/sertv.gob.pa\/crisolfm\/?p=25895"},"modified":"2020-01-22T15:54:36","modified_gmt":"2020-01-22T15:54:36","slug":"presentan-libro-los-verdaderos-protagonistas-de-la-decima-en-panama","status":"publish","type":"post","link":"https:\/\/sertv.gob.pa\/crisolfm\/presentan-libro-los-verdaderos-protagonistas-de-la-decima-en-panama\/","title":{"rendered":"Presentan libro \u00abLos Verdaderos Protagonistas de la D\u00e9cima en Panam\u00e1\u00bb"},"content":{"rendered":"<p>El primer\u00a0Festival de Arte y del Libro en el Parque Omar nos dej\u00f3 muchos t\u00edtulos como referencia, entre ellos \u201cLos Verdaderos Protagonistas de La D\u00e9cima en Panam\u00e1\u201d, escrito por el locutor Hilario Alabarca.<\/p>\n<p>Este trabajo es una recopilaci\u00f3n de c\u00f3mo lleg\u00f3 este g\u00e9nero l\u00edrico a nuestro continente y luego a Panam\u00e1. \u201cCuenta desde sus inicios hace much\u00edsimos a\u00f1os, del instrumento que los paname\u00f1os construyeron, que es el Socav\u00f3n el primero y despu\u00e9s la mejoranera\u201d,\u00a0asegur\u00f3 Alabarca.<\/p>\n<p>A trav\u00e9s del texto les ense\u00f1an a los j\u00f3venes c\u00f3mo se escribe la d\u00e9cima, de d\u00f3nde viene y qu\u00e9 es. \u201cTratamos que las personas conozcan que este g\u00e9nero tiene que ver mucho con el espa\u00f1ol, porque se utilizan las palabras y ella te ense\u00f1a que hay que emplear bien el lenguaje para luego llevarlo a los versos\u201d, destac\u00f3.<\/p>\n<p>&nbsp;<\/p>\n","protected":false},"excerpt":{"rendered":"<p>El primer\u00a0Festival de Arte y del Libro en el Parque <a href=\"https:\/\/sertv.gob.pa\/crisolfm\/presentan-libro-los-verdaderos-protagonistas-de-la-decima-en-panama\/\"> [&#8230;]<\/a><\/p>\n","protected":false},"author":64,"featured_media":25896,"comment_status":"closed","ping_status":"closed","sticky":false,"template":"","format":"standard","meta":{"footnotes":""},"categories":[6],"tags":[],"class_list":["post-25895","post","type-post","status-publish","format-standard","has-post-thumbnail","hentry","category-culturales"],"_links":{"self":[{"href":"https:\/\/sertv.gob.pa\/crisolfm\/wp-json\/wp\/v2\/posts\/25895","targetHints":{"allow":["GET"]}}],"collection":[{"href":"https:\/\/sertv.gob.pa\/crisolfm\/wp-json\/wp\/v2\/posts"}],"about":[{"href":"https:\/\/sertv.gob.pa\/crisolfm\/wp-json\/wp\/v2\/types\/post"}],"author":[{"embeddable":true,"href":"https:\/\/sertv.gob.pa\/crisolfm\/wp-json\/wp\/v2\/users\/64"}],"replies":[{"embeddable":true,"href":"https:\/\/sertv.gob.pa\/crisolfm\/wp-json\/wp\/v2\/comments?post=25895"}],"version-history":[{"count":2,"href":"https:\/\/sertv.gob.pa\/crisolfm\/wp-json\/wp\/v2\/posts\/25895\/revisions"}],"predecessor-version":[{"id":25916,"href":"https:\/\/sertv.gob.pa\/crisolfm\/wp-json\/wp\/v2\/posts\/25895\/revisions\/25916"}],"wp:featuredmedia":[{"embeddable":true,"href":"https:\/\/sertv.gob.pa\/crisolfm\/wp-json\/wp\/v2\/media\/25896"}],"wp:attachment":[{"href":"https:\/\/sertv.gob.pa\/crisolfm\/wp-json\/wp\/v2\/media?parent=25895"}],"wp:term":[{"taxonomy":"category","embeddable":true,"href":"https:\/\/sertv.gob.pa\/crisolfm\/wp-json\/wp\/v2\/categories?post=25895"},{"taxonomy":"post_tag","embeddable":true,"href":"https:\/\/sertv.gob.pa\/crisolfm\/wp-json\/wp\/v2\/tags?post=25895"}],"curies":[{"name":"wp","href":"https:\/\/api.w.org\/{rel}","templated":true}]}}