{"id":25908,"date":"2020-01-22T15:17:28","date_gmt":"2020-01-22T15:17:28","guid":{"rendered":"https:\/\/sertv.gob.pa\/crisolfm\/?p=25908"},"modified":"2020-01-22T15:17:28","modified_gmt":"2020-01-22T15:17:28","slug":"primaveras-mas-verdes-estan-provocando-veranos-mas-secos-y-calurosos","status":"publish","type":"post","link":"https:\/\/sertv.gob.pa\/crisolfm\/primaveras-mas-verdes-estan-provocando-veranos-mas-secos-y-calurosos\/","title":{"rendered":"Primaveras m\u00e1s verdes est\u00e1n provocando veranos m\u00e1s secos y calurosos"},"content":{"rendered":"<p>El aumento de temperaturas que conlleva el cambio clim\u00e1tico hace avanzar y alargar la primavera y, por tanto, la vegetaci\u00f3n comienza a crecer antes y durante un per\u00edodo m\u00e1s largo.<\/p>\n<p>Esto provoca que\u00a0las hojas verdes de los \u00e1rboles extraen cada vez m\u00e1s agua del suelo, que al evaporarse <strong>acent\u00faa la p\u00e9rdida de humedad<\/strong>. La principal consecuencia son veranos m\u00e1s secos, largos y calurosos, as\u00ed como olas de calor m\u00e1s frecuentes en gran parte del hemisferio Norte.<\/p>\n<p>Si bien los dos fen\u00f3menos tienen lugar en estaciones del a\u00f1o diferentes, el estudio\u00a0Summer soil drying exacerbated by earlier spring greening of northern vegetation\u00a0publicado en la revista cient\u00edfica\u00a0Science Advances\u00a0ha puesto de manifiesto que est\u00e1n conectados.<\/p>\n<p>La reciente investigaci\u00f3n est\u00e1 dirigida por el profesor Xu Lian de la Universidad de Pek\u00edn (China) y ha intervenido el profesor\u00a0Josep Pe\u00f1uelas, investigador del CSIC en el CREAF, junto con investigadores de\u00a0Alemania,\u00a0Australia,\u00a0B\u00e9lgica,\u00a0Estados Unidos,\u00a0Francia\u00a0y el\u00a0Reino Unido.<\/p>\n<p>El an\u00e1lisis de datos obtenidos por sat\u00e9lite y con <strong>simulaciones clim\u00e1ticas <\/strong>en todo el hemisferio Norte desde 1982 hasta 2011 han permitido vincular el aumento del verdor de la primavera con la disminuci\u00f3n de la humedad del suelo en verano.<\/p>\n<p>ECOticias<\/p>\n","protected":false},"excerpt":{"rendered":"<p>El aumento de temperaturas que conlleva el cambio clim\u00e1tico hace <a href=\"https:\/\/sertv.gob.pa\/crisolfm\/primaveras-mas-verdes-estan-provocando-veranos-mas-secos-y-calurosos\/\"> [&#8230;]<\/a><\/p>\n","protected":false},"author":64,"featured_media":25909,"comment_status":"closed","ping_status":"closed","sticky":false,"template":"","format":"standard","meta":{"footnotes":""},"categories":[7],"tags":[],"class_list":["post-25908","post","type-post","status-publish","format-standard","has-post-thumbnail","hentry","category-ecologicas"],"_links":{"self":[{"href":"https:\/\/sertv.gob.pa\/crisolfm\/wp-json\/wp\/v2\/posts\/25908","targetHints":{"allow":["GET"]}}],"collection":[{"href":"https:\/\/sertv.gob.pa\/crisolfm\/wp-json\/wp\/v2\/posts"}],"about":[{"href":"https:\/\/sertv.gob.pa\/crisolfm\/wp-json\/wp\/v2\/types\/post"}],"author":[{"embeddable":true,"href":"https:\/\/sertv.gob.pa\/crisolfm\/wp-json\/wp\/v2\/users\/64"}],"replies":[{"embeddable":true,"href":"https:\/\/sertv.gob.pa\/crisolfm\/wp-json\/wp\/v2\/comments?post=25908"}],"version-history":[{"count":1,"href":"https:\/\/sertv.gob.pa\/crisolfm\/wp-json\/wp\/v2\/posts\/25908\/revisions"}],"predecessor-version":[{"id":25910,"href":"https:\/\/sertv.gob.pa\/crisolfm\/wp-json\/wp\/v2\/posts\/25908\/revisions\/25910"}],"wp:featuredmedia":[{"embeddable":true,"href":"https:\/\/sertv.gob.pa\/crisolfm\/wp-json\/wp\/v2\/media\/25909"}],"wp:attachment":[{"href":"https:\/\/sertv.gob.pa\/crisolfm\/wp-json\/wp\/v2\/media?parent=25908"}],"wp:term":[{"taxonomy":"category","embeddable":true,"href":"https:\/\/sertv.gob.pa\/crisolfm\/wp-json\/wp\/v2\/categories?post=25908"},{"taxonomy":"post_tag","embeddable":true,"href":"https:\/\/sertv.gob.pa\/crisolfm\/wp-json\/wp\/v2\/tags?post=25908"}],"curies":[{"name":"wp","href":"https:\/\/api.w.org\/{rel}","templated":true}]}}