{"id":25923,"date":"2020-01-23T13:26:17","date_gmt":"2020-01-23T13:26:17","guid":{"rendered":"https:\/\/sertv.gob.pa\/crisolfm\/?p=25923"},"modified":"2020-01-23T13:26:17","modified_gmt":"2020-01-23T13:26:17","slug":"peliculas-panamenas-participaran-en-el-festival-de-rotterdam","status":"publish","type":"post","link":"https:\/\/sertv.gob.pa\/crisolfm\/peliculas-panamenas-participaran-en-el-festival-de-rotterdam\/","title":{"rendered":"Pel\u00edculas paname\u00f1as participar\u00e1n en el festival de Rotterdam"},"content":{"rendered":"<p>Dos pel\u00edculas paname\u00f1as, <strong>Panquiaco <\/strong>y<strong> Tierra Adentro<\/strong>, forman parte de la selecci\u00f3n del <strong>Festival Internacional de Cine de Rotterdam<\/strong>, Pa\u00edses Bajos, uno de los m\u00e1s relevantes del circuito europeo.<\/p>\n<p><strong>Panquiaco <\/strong>forma parte de la secci\u00f3n Bright Futures, una de las m\u00e1s prestigiosas del festival, e igualmente fue elegida para la competencia de la categor\u00eda hom\u00f3nima, de acuerdo con un comunicado del Festival Internacional de Cine de Panam\u00e1 (IFF Panam\u00e1). El estreno de <strong>Panquiaco <\/strong>ser\u00e1 este 25 de enero.<\/p>\n<p><strong>Tierra Adentro,<\/strong> en tanto, se proyectar\u00e1 hoy 23 de enero y tiene otras 5 presentaciones programadas durante el festival, agrega el comunicado del IFF Panam\u00e1, que colabor\u00f3 en la realizaci\u00f3n y difusi\u00f3n de los dos filmes paname\u00f1os.<\/p>\n<p><strong>Panquiaco <\/strong>cuenta la historia de un ind\u00edgena dule que siente nostalgia por el ayer de su pueblo, mientras que Tierra Adentro retrata la vida en Dari\u00e9n.<\/p>\n<p>&nbsp;<\/p>\n","protected":false},"excerpt":{"rendered":"<p>Dos pel\u00edculas paname\u00f1as, Panquiaco y Tierra Adentro, forman parte de <a href=\"https:\/\/sertv.gob.pa\/crisolfm\/peliculas-panamenas-participaran-en-el-festival-de-rotterdam\/\"> [&#8230;]<\/a><\/p>\n","protected":false},"author":64,"featured_media":25924,"comment_status":"closed","ping_status":"closed","sticky":false,"template":"","format":"standard","meta":{"footnotes":""},"categories":[6],"tags":[],"class_list":["post-25923","post","type-post","status-publish","format-standard","has-post-thumbnail","hentry","category-culturales"],"_links":{"self":[{"href":"https:\/\/sertv.gob.pa\/crisolfm\/wp-json\/wp\/v2\/posts\/25923","targetHints":{"allow":["GET"]}}],"collection":[{"href":"https:\/\/sertv.gob.pa\/crisolfm\/wp-json\/wp\/v2\/posts"}],"about":[{"href":"https:\/\/sertv.gob.pa\/crisolfm\/wp-json\/wp\/v2\/types\/post"}],"author":[{"embeddable":true,"href":"https:\/\/sertv.gob.pa\/crisolfm\/wp-json\/wp\/v2\/users\/64"}],"replies":[{"embeddable":true,"href":"https:\/\/sertv.gob.pa\/crisolfm\/wp-json\/wp\/v2\/comments?post=25923"}],"version-history":[{"count":1,"href":"https:\/\/sertv.gob.pa\/crisolfm\/wp-json\/wp\/v2\/posts\/25923\/revisions"}],"predecessor-version":[{"id":25925,"href":"https:\/\/sertv.gob.pa\/crisolfm\/wp-json\/wp\/v2\/posts\/25923\/revisions\/25925"}],"wp:featuredmedia":[{"embeddable":true,"href":"https:\/\/sertv.gob.pa\/crisolfm\/wp-json\/wp\/v2\/media\/25924"}],"wp:attachment":[{"href":"https:\/\/sertv.gob.pa\/crisolfm\/wp-json\/wp\/v2\/media?parent=25923"}],"wp:term":[{"taxonomy":"category","embeddable":true,"href":"https:\/\/sertv.gob.pa\/crisolfm\/wp-json\/wp\/v2\/categories?post=25923"},{"taxonomy":"post_tag","embeddable":true,"href":"https:\/\/sertv.gob.pa\/crisolfm\/wp-json\/wp\/v2\/tags?post=25923"}],"curies":[{"name":"wp","href":"https:\/\/api.w.org\/{rel}","templated":true}]}}