{"id":25926,"date":"2020-01-23T14:13:18","date_gmt":"2020-01-23T14:13:18","guid":{"rendered":"https:\/\/sertv.gob.pa\/crisolfm\/?p=25926"},"modified":"2020-01-23T14:13:18","modified_gmt":"2020-01-23T14:13:18","slug":"fiesta-china-en-el-ano-de-la-rata-a-partir-del-25-de-enero","status":"publish","type":"post","link":"https:\/\/sertv.gob.pa\/crisolfm\/fiesta-china-en-el-ano-de-la-rata-a-partir-del-25-de-enero\/","title":{"rendered":"Fiesta china en el a\u00f1o de la rata a partir del 25 de enero"},"content":{"rendered":"<p>Dentro de pocas horas la comunidad china en Panam\u00e1 celebrar\u00e1 la llegada del <strong>A\u00f1o de la Rata<\/strong>, una \u00e9poca que simboliza un cambio de d\u00e9cada y el comienzo de un ciclo pr\u00f3spero cargado de buena energ\u00eda y la clausura de una etapa marcada por el pesimismo.<\/p>\n<p>Un nuevo ejercicio desde este 25 de enero que es aprovechado por la comunidad china para trazar sus planes de futuro y pensar c\u00f3mo poner en marcha sus proyectos basados en la organizaci\u00f3n de sus rutas de \u00e9xito y el cumplimiento de sus metas laborales y familiares.<\/p>\n<p>Presentaciones art\u00edsticas, talleres de manualidades y caligraf\u00eda chinas y los t\u00edpicos y famosos bailes de la danza del le\u00f3n o del drag\u00f3n, formar\u00e1n parte del programa de eventos que se llevar\u00e1n a cabo durante los siguientes d\u00edas en diferentes sitios de la capital como El Dorado, Multiplaza y Soho Mall, entre otros puntos.<\/p>\n<p>Una de las actividades m\u00e1s destacadas es la XV edici\u00f3n del Festival del A\u00f1o Nuevo Chino el 24 y 25 de enero, de 1:00 p.m. a 9:00 p.m. en Atlapa, donde se podr\u00e1 disfrutar de las distintas variantes de la cultura china como su gastronom\u00eda, su arte y su m\u00fasica. La entrada es libre. Mientras que el 25 y 26 de enero se celebrar\u00e1 otro festival en el Centro Comercial El Dorado, en el que la entrada igualmente ser\u00e1 gratuita.<\/p>\n","protected":false},"excerpt":{"rendered":"<p>Dentro de pocas horas la comunidad china en Panam\u00e1 celebrar\u00e1 <a href=\"https:\/\/sertv.gob.pa\/crisolfm\/fiesta-china-en-el-ano-de-la-rata-a-partir-del-25-de-enero\/\"> [&#8230;]<\/a><\/p>\n","protected":false},"author":64,"featured_media":25927,"comment_status":"closed","ping_status":"closed","sticky":false,"template":"","format":"standard","meta":{"footnotes":""},"categories":[6],"tags":[],"class_list":["post-25926","post","type-post","status-publish","format-standard","has-post-thumbnail","hentry","category-culturales"],"_links":{"self":[{"href":"https:\/\/sertv.gob.pa\/crisolfm\/wp-json\/wp\/v2\/posts\/25926","targetHints":{"allow":["GET"]}}],"collection":[{"href":"https:\/\/sertv.gob.pa\/crisolfm\/wp-json\/wp\/v2\/posts"}],"about":[{"href":"https:\/\/sertv.gob.pa\/crisolfm\/wp-json\/wp\/v2\/types\/post"}],"author":[{"embeddable":true,"href":"https:\/\/sertv.gob.pa\/crisolfm\/wp-json\/wp\/v2\/users\/64"}],"replies":[{"embeddable":true,"href":"https:\/\/sertv.gob.pa\/crisolfm\/wp-json\/wp\/v2\/comments?post=25926"}],"version-history":[{"count":1,"href":"https:\/\/sertv.gob.pa\/crisolfm\/wp-json\/wp\/v2\/posts\/25926\/revisions"}],"predecessor-version":[{"id":25928,"href":"https:\/\/sertv.gob.pa\/crisolfm\/wp-json\/wp\/v2\/posts\/25926\/revisions\/25928"}],"wp:featuredmedia":[{"embeddable":true,"href":"https:\/\/sertv.gob.pa\/crisolfm\/wp-json\/wp\/v2\/media\/25927"}],"wp:attachment":[{"href":"https:\/\/sertv.gob.pa\/crisolfm\/wp-json\/wp\/v2\/media?parent=25926"}],"wp:term":[{"taxonomy":"category","embeddable":true,"href":"https:\/\/sertv.gob.pa\/crisolfm\/wp-json\/wp\/v2\/categories?post=25926"},{"taxonomy":"post_tag","embeddable":true,"href":"https:\/\/sertv.gob.pa\/crisolfm\/wp-json\/wp\/v2\/tags?post=25926"}],"curies":[{"name":"wp","href":"https:\/\/api.w.org\/{rel}","templated":true}]}}