{"id":25955,"date":"2020-01-23T15:21:58","date_gmt":"2020-01-23T15:21:58","guid":{"rendered":"https:\/\/sertv.gob.pa\/crisolfm\/?p=25955"},"modified":"2020-01-23T15:21:58","modified_gmt":"2020-01-23T15:21:58","slug":"volkswagen-apuesta-por-usar-energias-renovables","status":"publish","type":"post","link":"https:\/\/sertv.gob.pa\/crisolfm\/volkswagen-apuesta-por-usar-energias-renovables\/","title":{"rendered":"Volkswagen apuesta por usar energ\u00edas renovables"},"content":{"rendered":"<p>Volkswagen ha aumentado el uso de energ\u00eda \u00abverde\u00bb en sus instalaciones como parte del objetivo de que sus coches sean neutrales en emisiones de di\u00f3xido de carbono en 2050.<\/p>\n<p>La compa\u00f1\u00eda se\u00f1ala que ha llevado su ambici\u00f3n \u00abm\u00e1s lejos\u00bb en este aspecto aumentando el porcentaje de <strong>uso de fuentes de energ\u00eda renovables en sus plantas. <\/strong>Adem\u00e1s, la empresa tambi\u00e9n est\u00e1 apostando por el gas natural en algunas de sus instalaciones, como la de Wolfsburg (Alemania).<\/p>\n<p>El director de Producci\u00f3n y Log\u00edstica de Volkswagen,<strong> Andreas Tostmann<\/strong>, ha afirmado que la compa\u00f1\u00eda va a incrementar el uso de este tipo de energ\u00edas a lo largo de 2020 entre un 70% y un 90% en sus 16 plantas de todo el mundo (a excepci\u00f3n de China).<\/p>\n<p>Volkswagen destaca que estos cambios contribuyen a la estabilidad medioambiental a largo plazo a la red de infraestructuras y de energ\u00eda en Alemania.<\/p>\n<p>ECOticias<\/p>\n","protected":false},"excerpt":{"rendered":"<p>Volkswagen ha aumentado el uso de energ\u00eda \u00abverde\u00bb en sus <a href=\"https:\/\/sertv.gob.pa\/crisolfm\/volkswagen-apuesta-por-usar-energias-renovables\/\"> [&#8230;]<\/a><\/p>\n","protected":false},"author":64,"featured_media":25956,"comment_status":"closed","ping_status":"closed","sticky":false,"template":"","format":"standard","meta":{"footnotes":""},"categories":[7],"tags":[],"class_list":["post-25955","post","type-post","status-publish","format-standard","has-post-thumbnail","hentry","category-ecologicas"],"_links":{"self":[{"href":"https:\/\/sertv.gob.pa\/crisolfm\/wp-json\/wp\/v2\/posts\/25955","targetHints":{"allow":["GET"]}}],"collection":[{"href":"https:\/\/sertv.gob.pa\/crisolfm\/wp-json\/wp\/v2\/posts"}],"about":[{"href":"https:\/\/sertv.gob.pa\/crisolfm\/wp-json\/wp\/v2\/types\/post"}],"author":[{"embeddable":true,"href":"https:\/\/sertv.gob.pa\/crisolfm\/wp-json\/wp\/v2\/users\/64"}],"replies":[{"embeddable":true,"href":"https:\/\/sertv.gob.pa\/crisolfm\/wp-json\/wp\/v2\/comments?post=25955"}],"version-history":[{"count":1,"href":"https:\/\/sertv.gob.pa\/crisolfm\/wp-json\/wp\/v2\/posts\/25955\/revisions"}],"predecessor-version":[{"id":25957,"href":"https:\/\/sertv.gob.pa\/crisolfm\/wp-json\/wp\/v2\/posts\/25955\/revisions\/25957"}],"wp:featuredmedia":[{"embeddable":true,"href":"https:\/\/sertv.gob.pa\/crisolfm\/wp-json\/wp\/v2\/media\/25956"}],"wp:attachment":[{"href":"https:\/\/sertv.gob.pa\/crisolfm\/wp-json\/wp\/v2\/media?parent=25955"}],"wp:term":[{"taxonomy":"category","embeddable":true,"href":"https:\/\/sertv.gob.pa\/crisolfm\/wp-json\/wp\/v2\/categories?post=25955"},{"taxonomy":"post_tag","embeddable":true,"href":"https:\/\/sertv.gob.pa\/crisolfm\/wp-json\/wp\/v2\/tags?post=25955"}],"curies":[{"name":"wp","href":"https:\/\/api.w.org\/{rel}","templated":true}]}}