{"id":25979,"date":"2020-01-23T15:34:25","date_gmt":"2020-01-23T15:34:25","guid":{"rendered":"https:\/\/sertv.gob.pa\/crisolfm\/?p=25979"},"modified":"2020-01-23T15:34:25","modified_gmt":"2020-01-23T15:34:25","slug":"belgica-paraiso-de-los-productos-ecologicos","status":"publish","type":"post","link":"https:\/\/sertv.gob.pa\/crisolfm\/belgica-paraiso-de-los-productos-ecologicos\/","title":{"rendered":"B\u00e9lgica, para\u00edso de los productos ecol\u00f3gicos"},"content":{"rendered":"<p>En B\u00e9lgica hay una notable <strong>concienciaci\u00f3n por la alimentaci\u00f3n ecol\u00f3gica<\/strong>. Los establecimientos en los que se venden alimentos ecol\u00f3gicos est\u00e1n a la orden del d\u00eda. Y, adem\u00e1s, hay alimentos ecol\u00f3gicos en multitud de establecimientos que no est\u00e1n especialmente dedicados a este sector. En las casas tambi\u00e9n se ve esta concienciaci\u00f3n.<\/p>\n<p>En algunos barrios de Bruselas la poblaci\u00f3n inmigrante es claramente mayoritaria. Puedes ver, con facilidad, mujeres con pa\u00f1uelo u hombres marroqu\u00edes comprando en<strong> tiendas de productos ecol\u00f3gicos<\/strong>, cosa que es dif\u00edcil ver all\u00ed.<\/p>\n<p>En Bruselas\u00a0existe la oportunidad de comprar\u00a0productos ecol\u00f3gicos a los agricultores locales. Los\u00a0mi\u00e9rcoles\u00a0por la ma\u00f1ana, en la\u00a0Place Ste. Catherine, seg\u00fan recogen las gu\u00edas de la ciudad; y los\u00a0mi\u00e9rcoles, viernes y fines de semana, puedes comprar \u201cbio\u201d y local\u00a0en el\u00a0Atelier des Tanneurs. Ambos sitios son t\u00edpicos mercados de la vieja Bruselas que siguen fielmente la tradici\u00f3n ecol\u00f3gica desde hace a\u00f1os.<\/p>\n<p>El <strong>partido pol\u00edtico Ecolo <\/strong>tiene una cierta visibilidad. Tanto en Bruselas como en Valona, les apoya mucha gente desencantada de los partidos tradicionales. Entre sus propuestas, Ecolo apuesta por una aceleraci\u00f3n de la transici\u00f3n a una alimentaci\u00f3n sostenible y ecol\u00f3gica. Para ello, propone \u201cdisminuir el IVA sobre los productos no transformados, locales y ecol\u00f3gicos. La reducci\u00f3n llegar\u00eda incluso al 0 % para los productos procedentes de la agricultura ecol\u00f3gica\u201d, seg\u00fan\u00a0\u201cSudpresse\u201d\u00a0y\u00a0\u201cLa Libre Belgique\u201d.<\/p>\n<p>\u00abLa idea es favorecer la compra de productos buenos para nuestra<strong> salud y para el medio ambiente<\/strong> (&#8230;) Que la elecci\u00f3n m\u00e1s sana sea la m\u00e1s accesible. Adem\u00e1s, en una visi\u00f3n econ\u00f3mica global, apostamos por un arraigo por nuestros territorios con unos productos de una calidad que no existe en todo el mundo\u00bb, ha explicado Zakia Khattabi, una de sus cabezas m\u00e1s visibles.<\/p>\n<p>ECOticias<\/p>\n","protected":false},"excerpt":{"rendered":"<p>En B\u00e9lgica hay una notable concienciaci\u00f3n por la alimentaci\u00f3n ecol\u00f3gica. <a href=\"https:\/\/sertv.gob.pa\/crisolfm\/belgica-paraiso-de-los-productos-ecologicos\/\"> [&#8230;]<\/a><\/p>\n","protected":false},"author":64,"featured_media":25980,"comment_status":"closed","ping_status":"closed","sticky":false,"template":"","format":"standard","meta":{"footnotes":""},"categories":[7],"tags":[],"class_list":["post-25979","post","type-post","status-publish","format-standard","has-post-thumbnail","hentry","category-ecologicas"],"_links":{"self":[{"href":"https:\/\/sertv.gob.pa\/crisolfm\/wp-json\/wp\/v2\/posts\/25979","targetHints":{"allow":["GET"]}}],"collection":[{"href":"https:\/\/sertv.gob.pa\/crisolfm\/wp-json\/wp\/v2\/posts"}],"about":[{"href":"https:\/\/sertv.gob.pa\/crisolfm\/wp-json\/wp\/v2\/types\/post"}],"author":[{"embeddable":true,"href":"https:\/\/sertv.gob.pa\/crisolfm\/wp-json\/wp\/v2\/users\/64"}],"replies":[{"embeddable":true,"href":"https:\/\/sertv.gob.pa\/crisolfm\/wp-json\/wp\/v2\/comments?post=25979"}],"version-history":[{"count":1,"href":"https:\/\/sertv.gob.pa\/crisolfm\/wp-json\/wp\/v2\/posts\/25979\/revisions"}],"predecessor-version":[{"id":25981,"href":"https:\/\/sertv.gob.pa\/crisolfm\/wp-json\/wp\/v2\/posts\/25979\/revisions\/25981"}],"wp:featuredmedia":[{"embeddable":true,"href":"https:\/\/sertv.gob.pa\/crisolfm\/wp-json\/wp\/v2\/media\/25980"}],"wp:attachment":[{"href":"https:\/\/sertv.gob.pa\/crisolfm\/wp-json\/wp\/v2\/media?parent=25979"}],"wp:term":[{"taxonomy":"category","embeddable":true,"href":"https:\/\/sertv.gob.pa\/crisolfm\/wp-json\/wp\/v2\/categories?post=25979"},{"taxonomy":"post_tag","embeddable":true,"href":"https:\/\/sertv.gob.pa\/crisolfm\/wp-json\/wp\/v2\/tags?post=25979"}],"curies":[{"name":"wp","href":"https:\/\/api.w.org\/{rel}","templated":true}]}}