{"id":25989,"date":"2020-01-24T13:24:50","date_gmt":"2020-01-24T13:24:50","guid":{"rendered":"https:\/\/sertv.gob.pa\/crisolfm\/?p=25989"},"modified":"2020-01-24T13:24:50","modified_gmt":"2020-01-24T13:24:50","slug":"ministerio-de-ambiente-paraliza-trabajos-en-via-que-conduce-a-playa-turistica-de-pedasi","status":"publish","type":"post","link":"https:\/\/sertv.gob.pa\/crisolfm\/ministerio-de-ambiente-paraliza-trabajos-en-via-que-conduce-a-playa-turistica-de-pedasi\/","title":{"rendered":"Ministerio de Ambiente paraliza trabajos en v\u00eda que conduce a playa tur\u00edstica de Pedas\u00ed"},"content":{"rendered":"<p>El <a href=\"https:\/\/www.prensa.com\/tema\/ministerio-de-ambiente\/\" target=\"_blank\" rel=\"noopener\">Ministerio de Ambiente<\/a> paraliz\u00f3 temporalmente el proyecto de remoci\u00f3n y corte de camino en una v\u00eda que conduce hacia la playa Los Lagartos, en el distrito sante\u00f1o de Pedas\u00ed, por no contar con los permisos correspondientes.<\/p>\n<p>El ministro de Ambiente, Milciades Concepci\u00f3n, manifest\u00f3 que ese camino est\u00e1 ubicado dentro de la zona protegida de la Reserva de Vida Silvestre Pablo Arturo Barrios.<\/p>\n<p>Concepci\u00f3n dio a conocer que al momento de la inspecci\u00f3n, el Municipio de Pedas\u00ed -que ejecuta el mejoramiento del camino- no ten\u00eda ning\u00fan instrumento de gesti\u00f3n ambiental.<\/p>\n<p>Agreg\u00f3 que aunque los trabajadores alegaron que jam\u00e1s se les ha exigido ning\u00fan visto bueno del Ministerio de Ambiente, enfatiz\u00f3 que todos los proyectos tienen normas ambientales. \u201cEl desconocimiento de las leyes no les exime de responsabilidad y del castigo\u201d, asegur\u00f3 Concepci\u00f3n.<\/p>\n<p>A\u00f1adi\u00f3 que por esta raz\u00f3n han empezado una investigaci\u00f3n y se les abri\u00f3 un proceso administrativo.<\/p>\n<p>&nbsp;<\/p>\n","protected":false},"excerpt":{"rendered":"<p>El Ministerio de Ambiente paraliz\u00f3 temporalmente el proyecto de remoci\u00f3n <a href=\"https:\/\/sertv.gob.pa\/crisolfm\/ministerio-de-ambiente-paraliza-trabajos-en-via-que-conduce-a-playa-turistica-de-pedasi\/\"> [&#8230;]<\/a><\/p>\n","protected":false},"author":64,"featured_media":25990,"comment_status":"closed","ping_status":"closed","sticky":false,"template":"","format":"standard","meta":{"footnotes":""},"categories":[7],"tags":[],"class_list":["post-25989","post","type-post","status-publish","format-standard","has-post-thumbnail","hentry","category-ecologicas"],"_links":{"self":[{"href":"https:\/\/sertv.gob.pa\/crisolfm\/wp-json\/wp\/v2\/posts\/25989","targetHints":{"allow":["GET"]}}],"collection":[{"href":"https:\/\/sertv.gob.pa\/crisolfm\/wp-json\/wp\/v2\/posts"}],"about":[{"href":"https:\/\/sertv.gob.pa\/crisolfm\/wp-json\/wp\/v2\/types\/post"}],"author":[{"embeddable":true,"href":"https:\/\/sertv.gob.pa\/crisolfm\/wp-json\/wp\/v2\/users\/64"}],"replies":[{"embeddable":true,"href":"https:\/\/sertv.gob.pa\/crisolfm\/wp-json\/wp\/v2\/comments?post=25989"}],"version-history":[{"count":1,"href":"https:\/\/sertv.gob.pa\/crisolfm\/wp-json\/wp\/v2\/posts\/25989\/revisions"}],"predecessor-version":[{"id":25991,"href":"https:\/\/sertv.gob.pa\/crisolfm\/wp-json\/wp\/v2\/posts\/25989\/revisions\/25991"}],"wp:featuredmedia":[{"embeddable":true,"href":"https:\/\/sertv.gob.pa\/crisolfm\/wp-json\/wp\/v2\/media\/25990"}],"wp:attachment":[{"href":"https:\/\/sertv.gob.pa\/crisolfm\/wp-json\/wp\/v2\/media?parent=25989"}],"wp:term":[{"taxonomy":"category","embeddable":true,"href":"https:\/\/sertv.gob.pa\/crisolfm\/wp-json\/wp\/v2\/categories?post=25989"},{"taxonomy":"post_tag","embeddable":true,"href":"https:\/\/sertv.gob.pa\/crisolfm\/wp-json\/wp\/v2\/tags?post=25989"}],"curies":[{"name":"wp","href":"https:\/\/api.w.org\/{rel}","templated":true}]}}