{"id":25992,"date":"2020-01-24T13:34:47","date_gmt":"2020-01-24T13:34:47","guid":{"rendered":"https:\/\/sertv.gob.pa\/crisolfm\/?p=25992"},"modified":"2020-01-24T13:41:25","modified_gmt":"2020-01-24T13:41:25","slug":"en-costa-rica-se-luce-el-folclore-panameno","status":"publish","type":"post","link":"https:\/\/sertv.gob.pa\/crisolfm\/en-costa-rica-se-luce-el-folclore-panameno\/","title":{"rendered":"En Costa Rica se luce el folclore paname\u00f1o"},"content":{"rendered":"<p>El <a href=\"https:\/\/www.prensa.com\/tema\/folclor\/\" target=\"_blank\" rel=\"noopener\">folclore paname\u00f1o<\/a> se dio a conocer en dos provincias de Costa Rica gracias al conjunto de proyecciones \u201cHuellas de mi Folklore\u201d, de San Carlos, Panam\u00e1 Oeste.<\/p>\n<p>La agrupaci\u00f3n, conformada por j\u00f3venes y adultos, recorri\u00f3 Guanacaste y Puntarenas, Costa Rica, durante 8 d\u00edas este mes.<\/p>\n<p>En sus diversas presentaciones el grupo interpret\u00f3 piezas como <strong>El Punto, Viva Panam\u00e1<\/strong> y la <strong>Denesa Petita Escobar<\/strong>, entre otras. Lucieron varios vestuarios.<\/p>\n<p>Este encuentro cultural, adem\u00e1s de permitirles mostrar el folclore paname\u00f1o, igualmente sirvi\u00f3 para conocer aspectos tradicionales de estas provincias, comparte Roger Coronado, director de la agrupaci\u00f3n.<\/p>\n<p>Las presentaciones se llevaron a cabo en sitios como la Marina Pez Vela, Hogar de Ancianos San Francisco de As\u00eds y Parque de Londres.<\/p>\n<p>&nbsp;<\/p>\n","protected":false},"excerpt":{"rendered":"<p>El folclore paname\u00f1o se dio a conocer en dos provincias <a href=\"https:\/\/sertv.gob.pa\/crisolfm\/en-costa-rica-se-luce-el-folclore-panameno\/\"> [&#8230;]<\/a><\/p>\n","protected":false},"author":64,"featured_media":25997,"comment_status":"closed","ping_status":"closed","sticky":false,"template":"","format":"standard","meta":{"footnotes":""},"categories":[6],"tags":[],"class_list":["post-25992","post","type-post","status-publish","format-standard","has-post-thumbnail","hentry","category-culturales"],"_links":{"self":[{"href":"https:\/\/sertv.gob.pa\/crisolfm\/wp-json\/wp\/v2\/posts\/25992","targetHints":{"allow":["GET"]}}],"collection":[{"href":"https:\/\/sertv.gob.pa\/crisolfm\/wp-json\/wp\/v2\/posts"}],"about":[{"href":"https:\/\/sertv.gob.pa\/crisolfm\/wp-json\/wp\/v2\/types\/post"}],"author":[{"embeddable":true,"href":"https:\/\/sertv.gob.pa\/crisolfm\/wp-json\/wp\/v2\/users\/64"}],"replies":[{"embeddable":true,"href":"https:\/\/sertv.gob.pa\/crisolfm\/wp-json\/wp\/v2\/comments?post=25992"}],"version-history":[{"count":1,"href":"https:\/\/sertv.gob.pa\/crisolfm\/wp-json\/wp\/v2\/posts\/25992\/revisions"}],"predecessor-version":[{"id":25995,"href":"https:\/\/sertv.gob.pa\/crisolfm\/wp-json\/wp\/v2\/posts\/25992\/revisions\/25995"}],"wp:featuredmedia":[{"embeddable":true,"href":"https:\/\/sertv.gob.pa\/crisolfm\/wp-json\/wp\/v2\/media\/25997"}],"wp:attachment":[{"href":"https:\/\/sertv.gob.pa\/crisolfm\/wp-json\/wp\/v2\/media?parent=25992"}],"wp:term":[{"taxonomy":"category","embeddable":true,"href":"https:\/\/sertv.gob.pa\/crisolfm\/wp-json\/wp\/v2\/categories?post=25992"},{"taxonomy":"post_tag","embeddable":true,"href":"https:\/\/sertv.gob.pa\/crisolfm\/wp-json\/wp\/v2\/tags?post=25992"}],"curies":[{"name":"wp","href":"https:\/\/api.w.org\/{rel}","templated":true}]}}