{"id":26022,"date":"2020-01-24T15:28:18","date_gmt":"2020-01-24T15:28:18","guid":{"rendered":"https:\/\/sertv.gob.pa\/crisolfm\/?p=26022"},"modified":"2020-01-24T15:28:18","modified_gmt":"2020-01-24T15:28:18","slug":"la-contaminacion-del-aire-provoca-rinitis-grave","status":"publish","type":"post","link":"https:\/\/sertv.gob.pa\/crisolfm\/la-contaminacion-del-aire-provoca-rinitis-grave\/","title":{"rendered":"La contaminaci\u00f3n del aire provoca rinitis grave"},"content":{"rendered":"<p>Los\u00a0<strong>s\u00edntomas nasales\u00a0de la\u00a0rinitis\u00a0<\/strong>son m\u00e1s graves en las personas expuestas a niveles de\u00a0contaminaci\u00f3n atmosf\u00e9rica\u00a0elevados. As\u00ed concluye un estudio publicado en la revista\u00a0<em>Journal of Allergy and Clinical Immunology<\/em>y liderado por un equipo cient\u00edfico del\u00a0Instituto de Salud Global de Barcelona (ISGlobal), centro impulsado por \u201cla Caixa\u201d.<\/p>\n<p>La rinitis, que afecta a entre el 20 y el 50 % de la poblaci\u00f3n mundial, es un trastorno de la mucosa nasal que provoca\u00a0congesti\u00f3n, estornudos, secreciones abundantes, irritaci\u00f3n y, en ocasiones, p\u00e9rdida del olfato. Pese a su elevada prevalencia, se sabe poco de los factores de riesgo de esta enfermedad, incluida la poluci\u00f3n.<\/p>\n<p>\u201cLa rinitis est\u00e1 relacionada con el\u00a0asma, una patolog\u00eda estrechamente<strong> ligada a la contaminaci\u00f3n del aire<\/strong>\u201d, comenta\u00a0B\u00e9n\u00e9dicte Jacquemin, l\u00edder del estudio e investigadora asociada a ISGlobal.<\/p>\n<p>\u201cPor este motivo hemos cre\u00eddo oportuno comprobar si la\u00a0exposici\u00f3n\u00a0a largo plazo a la\u00a0contaminaci\u00f3n atmosf\u00e9rica tambi\u00e9n tiene un papel determinante en la rinitis\u201d.<\/p>\n<p>El estudio ha analizado los datos de<strong>\u00a01.408 pacientes\u00a0de rinitis<\/strong> pertenecientes a\u00a017 ciudades europeas, entre las que se encuentran Barcelona, Oviedo, Par\u00eds (Francia), Amberes (B\u00e9lgica), Umea (Suecia) y Erfurt (Alemania).<\/p>\n<p>Los participantes respondieron a un cuestionario sobre la gravedad de cada uno de los s\u00edntomas, haciendo un balance de c\u00f3mo interfieren en su d\u00eda a d\u00eda.<\/p>\n<p>La informaci\u00f3n relativa a la contaminaci\u00f3n atmosf\u00e9rica a la que est\u00e1 expuesto cada participante se obtuvo gracias a datos del proyecto\u00a0<em>European Study of Cohorts for Air Pollution Effects<\/em>\u00a0(ESCAPE), en el cual particip\u00f3 ISGlobal.<\/p>\n<p>ECOticias<\/p>\n","protected":false},"excerpt":{"rendered":"<p>Los\u00a0s\u00edntomas nasales\u00a0de la\u00a0rinitis\u00a0son m\u00e1s graves en las personas expuestas a <a href=\"https:\/\/sertv.gob.pa\/crisolfm\/la-contaminacion-del-aire-provoca-rinitis-grave\/\"> [&#8230;]<\/a><\/p>\n","protected":false},"author":64,"featured_media":26023,"comment_status":"closed","ping_status":"closed","sticky":false,"template":"","format":"standard","meta":{"footnotes":""},"categories":[7],"tags":[],"class_list":["post-26022","post","type-post","status-publish","format-standard","has-post-thumbnail","hentry","category-ecologicas"],"_links":{"self":[{"href":"https:\/\/sertv.gob.pa\/crisolfm\/wp-json\/wp\/v2\/posts\/26022","targetHints":{"allow":["GET"]}}],"collection":[{"href":"https:\/\/sertv.gob.pa\/crisolfm\/wp-json\/wp\/v2\/posts"}],"about":[{"href":"https:\/\/sertv.gob.pa\/crisolfm\/wp-json\/wp\/v2\/types\/post"}],"author":[{"embeddable":true,"href":"https:\/\/sertv.gob.pa\/crisolfm\/wp-json\/wp\/v2\/users\/64"}],"replies":[{"embeddable":true,"href":"https:\/\/sertv.gob.pa\/crisolfm\/wp-json\/wp\/v2\/comments?post=26022"}],"version-history":[{"count":1,"href":"https:\/\/sertv.gob.pa\/crisolfm\/wp-json\/wp\/v2\/posts\/26022\/revisions"}],"predecessor-version":[{"id":26024,"href":"https:\/\/sertv.gob.pa\/crisolfm\/wp-json\/wp\/v2\/posts\/26022\/revisions\/26024"}],"wp:featuredmedia":[{"embeddable":true,"href":"https:\/\/sertv.gob.pa\/crisolfm\/wp-json\/wp\/v2\/media\/26023"}],"wp:attachment":[{"href":"https:\/\/sertv.gob.pa\/crisolfm\/wp-json\/wp\/v2\/media?parent=26022"}],"wp:term":[{"taxonomy":"category","embeddable":true,"href":"https:\/\/sertv.gob.pa\/crisolfm\/wp-json\/wp\/v2\/categories?post=26022"},{"taxonomy":"post_tag","embeddable":true,"href":"https:\/\/sertv.gob.pa\/crisolfm\/wp-json\/wp\/v2\/tags?post=26022"}],"curies":[{"name":"wp","href":"https:\/\/api.w.org\/{rel}","templated":true}]}}