{"id":26029,"date":"2020-01-27T13:47:22","date_gmt":"2020-01-27T13:47:22","guid":{"rendered":"https:\/\/sertv.gob.pa\/crisolfm\/?p=26029"},"modified":"2020-01-27T13:47:22","modified_gmt":"2020-01-27T13:47:22","slug":"actor-panameno-arian-abadi-es-pre-seleccionado-para-los-premios-platino","status":"publish","type":"post","link":"https:\/\/sertv.gob.pa\/crisolfm\/actor-panameno-arian-abadi-es-pre-seleccionado-para-los-premios-platino\/","title":{"rendered":"Actor paname\u00f1o, Arian Abadi, es pre-seleccionado para los Premios Platino"},"content":{"rendered":"<p>El actor y cantante paname\u00f1o, Arian Abadi, fue pre-seleccionado para los Premio Platino 2020, el cual celebra su VII edici\u00f3n, con su interpretaci\u00f3n protag\u00f3nica en la pel\u00edcula <strong>Causa Justa. <\/strong>\u00a0Abadi compite entre grandes nombres de la industria del cine como Ricardo Dar\u00edn (Argentina) y Antonio Banderas (Espa\u00f1a). <strong>Causa Justa <\/strong>cuenta con pre-selecciones en 11 categor\u00edas.<\/p>\n<p>\u201cSin lugar a dudas, estas noticias reconocen el trabajo que estamos haciendo todos los paname\u00f1os en la industria del cine nacional y por nuestra parte vamos a seguir dando lo mejor de nosotros para traerle m\u00e1s orgullos al pa\u00eds\u201d asegur\u00f3 Abadi.<\/p>\n<p>Los Premios Platino del Cine Iberoamericano, es una premiaci\u00f3n creada por la Entidad de Gesti\u00f3n de Derechos Audiovisuales (EGEDA) en colaboraci\u00f3n con la Federaci\u00f3n Iberoamericana de Productores Cinematogr\u00e1ficos y Audiovisuales (FIPCA), las academias de cine Iberoamericanas, Latin Artist y el apoyo de los Institutos de Cine, para reconocer a los profesionales de la industria cinematogr\u00e1fica iberoamericana. La Gala se tiene prevista para el pr\u00f3ximo 3 de mayo\u00a0en la Riviera Maya, M\u00e9xico.<\/p>\n<p>&nbsp;<\/p>\n","protected":false},"excerpt":{"rendered":"<p>El actor y cantante paname\u00f1o, Arian Abadi, fue pre-seleccionado para <a href=\"https:\/\/sertv.gob.pa\/crisolfm\/actor-panameno-arian-abadi-es-pre-seleccionado-para-los-premios-platino\/\"> [&#8230;]<\/a><\/p>\n","protected":false},"author":64,"featured_media":26030,"comment_status":"closed","ping_status":"closed","sticky":false,"template":"","format":"standard","meta":{"footnotes":""},"categories":[6],"tags":[],"class_list":["post-26029","post","type-post","status-publish","format-standard","has-post-thumbnail","hentry","category-culturales"],"_links":{"self":[{"href":"https:\/\/sertv.gob.pa\/crisolfm\/wp-json\/wp\/v2\/posts\/26029","targetHints":{"allow":["GET"]}}],"collection":[{"href":"https:\/\/sertv.gob.pa\/crisolfm\/wp-json\/wp\/v2\/posts"}],"about":[{"href":"https:\/\/sertv.gob.pa\/crisolfm\/wp-json\/wp\/v2\/types\/post"}],"author":[{"embeddable":true,"href":"https:\/\/sertv.gob.pa\/crisolfm\/wp-json\/wp\/v2\/users\/64"}],"replies":[{"embeddable":true,"href":"https:\/\/sertv.gob.pa\/crisolfm\/wp-json\/wp\/v2\/comments?post=26029"}],"version-history":[{"count":1,"href":"https:\/\/sertv.gob.pa\/crisolfm\/wp-json\/wp\/v2\/posts\/26029\/revisions"}],"predecessor-version":[{"id":26031,"href":"https:\/\/sertv.gob.pa\/crisolfm\/wp-json\/wp\/v2\/posts\/26029\/revisions\/26031"}],"wp:featuredmedia":[{"embeddable":true,"href":"https:\/\/sertv.gob.pa\/crisolfm\/wp-json\/wp\/v2\/media\/26030"}],"wp:attachment":[{"href":"https:\/\/sertv.gob.pa\/crisolfm\/wp-json\/wp\/v2\/media?parent=26029"}],"wp:term":[{"taxonomy":"category","embeddable":true,"href":"https:\/\/sertv.gob.pa\/crisolfm\/wp-json\/wp\/v2\/categories?post=26029"},{"taxonomy":"post_tag","embeddable":true,"href":"https:\/\/sertv.gob.pa\/crisolfm\/wp-json\/wp\/v2\/tags?post=26029"}],"curies":[{"name":"wp","href":"https:\/\/api.w.org\/{rel}","templated":true}]}}