{"id":26032,"date":"2020-01-27T13:53:51","date_gmt":"2020-01-27T13:53:51","guid":{"rendered":"https:\/\/sertv.gob.pa\/crisolfm\/?p=26032"},"modified":"2020-01-27T13:53:51","modified_gmt":"2020-01-27T13:53:51","slug":"presentan-obra-la-dimension-humana-del-planeta","status":"publish","type":"post","link":"https:\/\/sertv.gob.pa\/crisolfm\/presentan-obra-la-dimension-humana-del-planeta\/","title":{"rendered":"Presentan obra \u201cLa dimensi\u00f3n humana del planeta\u201d"},"content":{"rendered":"<p>El periodista Modesto Tu\u00f1\u00f3n present\u00f3 la obra \u201cLa dimensi\u00f3n humana del planeta\u201d, un compendio de entrevistas que exponen la urgencia de ciudades con desarrollo sostenible.<\/p>\n<p>El cambio clim\u00e1tico y sus posibles soluciones es el argumento de fondo del libro, que es analizado bajo la perspectiva de reconocidos cient\u00edficos e investigadores, precis\u00f3 el autor. \u201cEste es el diagnostico de una \u00e9poca que ya est\u00e1 transcurriendo y las condiciones ambientales que estamos viviendo\u201d, manifest\u00f3 Tu\u00f1\u00f3n.<\/p>\n<p>Expres\u00f3 que se reuni\u00f3 con 30 expertos, cuyas experiencias como ambientalistas dieron un enfoque claro sobre la relaci\u00f3n de los humanos con la naturaleza.<\/p>\n<p>&nbsp;<\/p>\n","protected":false},"excerpt":{"rendered":"<p>El periodista Modesto Tu\u00f1\u00f3n present\u00f3 la obra \u201cLa dimensi\u00f3n humana <a href=\"https:\/\/sertv.gob.pa\/crisolfm\/presentan-obra-la-dimension-humana-del-planeta\/\"> [&#8230;]<\/a><\/p>\n","protected":false},"author":64,"featured_media":26033,"comment_status":"closed","ping_status":"closed","sticky":false,"template":"","format":"standard","meta":{"footnotes":""},"categories":[6],"tags":[],"class_list":["post-26032","post","type-post","status-publish","format-standard","has-post-thumbnail","hentry","category-culturales"],"_links":{"self":[{"href":"https:\/\/sertv.gob.pa\/crisolfm\/wp-json\/wp\/v2\/posts\/26032","targetHints":{"allow":["GET"]}}],"collection":[{"href":"https:\/\/sertv.gob.pa\/crisolfm\/wp-json\/wp\/v2\/posts"}],"about":[{"href":"https:\/\/sertv.gob.pa\/crisolfm\/wp-json\/wp\/v2\/types\/post"}],"author":[{"embeddable":true,"href":"https:\/\/sertv.gob.pa\/crisolfm\/wp-json\/wp\/v2\/users\/64"}],"replies":[{"embeddable":true,"href":"https:\/\/sertv.gob.pa\/crisolfm\/wp-json\/wp\/v2\/comments?post=26032"}],"version-history":[{"count":1,"href":"https:\/\/sertv.gob.pa\/crisolfm\/wp-json\/wp\/v2\/posts\/26032\/revisions"}],"predecessor-version":[{"id":26034,"href":"https:\/\/sertv.gob.pa\/crisolfm\/wp-json\/wp\/v2\/posts\/26032\/revisions\/26034"}],"wp:featuredmedia":[{"embeddable":true,"href":"https:\/\/sertv.gob.pa\/crisolfm\/wp-json\/wp\/v2\/media\/26033"}],"wp:attachment":[{"href":"https:\/\/sertv.gob.pa\/crisolfm\/wp-json\/wp\/v2\/media?parent=26032"}],"wp:term":[{"taxonomy":"category","embeddable":true,"href":"https:\/\/sertv.gob.pa\/crisolfm\/wp-json\/wp\/v2\/categories?post=26032"},{"taxonomy":"post_tag","embeddable":true,"href":"https:\/\/sertv.gob.pa\/crisolfm\/wp-json\/wp\/v2\/tags?post=26032"}],"curies":[{"name":"wp","href":"https:\/\/api.w.org\/{rel}","templated":true}]}}