{"id":26035,"date":"2020-01-27T14:04:45","date_gmt":"2020-01-27T14:04:45","guid":{"rendered":"https:\/\/sertv.gob.pa\/crisolfm\/?p=26035"},"modified":"2020-01-27T14:04:45","modified_gmt":"2020-01-27T14:04:45","slug":"conmemoran-a-las-victimas-del-holocausto-en-la-asamblea-nacional","status":"publish","type":"post","link":"https:\/\/sertv.gob.pa\/crisolfm\/conmemoran-a-las-victimas-del-holocausto-en-la-asamblea-nacional\/","title":{"rendered":"Conmemoran a las v\u00edctimas del holocausto en la Asamblea Nacional"},"content":{"rendered":"<p>El holocausto fue la persecuci\u00f3n y asesinato sistem\u00e1tico de millones de jud\u00edos, por el r\u00e9gimen nazi, en Alemania, entre 1933 y 1945, por lo que muchos huyeron y se asentaron en otros pa\u00edses, entre ellos Panam\u00e1, precis\u00f3 el rabino Gustavo Kraselnik.<\/p>\n<p>Seg\u00fan Kraselnik, varios sobrevivientes llegaron al pa\u00eds luego de sufrir horrores en los campos de concentraci\u00f3n y la p\u00e9rdida de sus familiares.\u00a0\u00a0\u201cEsta fecha nos recuerda a todos que debemos estar comprometidos para que nunca m\u00e1s suceda algo como esto en el mundo\u201d, dijo el rabino.<\/p>\n<p>Aunque han pasado 75 a\u00f1os desde el fallecimiento de Adolf Hitler, l\u00edder del movimiento antisemita alem\u00e1n, ha resurgido la intolerancia hac\u00eda los jud\u00edos, afirm\u00f3 Kraselnik. \u201cEs una realidad preocupante, por eso hay que fortalecer el discurso contra cualquier clase de discriminaci\u00f3n\u201d, manifest\u00f3.<\/p>\n<p>Por otro lado, destac\u00f3 que, en suelo canalero, siempre han convivido en armon\u00eda y aportando al intercambio cultural.<\/p>\n<p>La Asamblea Nacional recibir\u00e1 hoy, a las 3:00 p.m., al embajador de Israel en Panam\u00e1, Reda Mansour, en una sesi\u00f3n especial para conmemorar a las v\u00edctimas de esta tragedia, inform\u00f3 Denise Romero, la vocera de esta\u00a0entidad.<\/p>\n<p>Luego, los diplom\u00e1ticos tendr\u00e1n un acto solemne en el recinto, donde encender\u00e1n velas en honor a las vidas perdidas, expres\u00f3 Romero.<\/p>\n<p>&nbsp;<\/p>\n","protected":false},"excerpt":{"rendered":"<p>El holocausto fue la persecuci\u00f3n y asesinato sistem\u00e1tico de millones <a href=\"https:\/\/sertv.gob.pa\/crisolfm\/conmemoran-a-las-victimas-del-holocausto-en-la-asamblea-nacional\/\"> [&#8230;]<\/a><\/p>\n","protected":false},"author":64,"featured_media":26036,"comment_status":"closed","ping_status":"closed","sticky":false,"template":"","format":"standard","meta":{"footnotes":""},"categories":[6],"tags":[],"class_list":["post-26035","post","type-post","status-publish","format-standard","has-post-thumbnail","hentry","category-culturales"],"_links":{"self":[{"href":"https:\/\/sertv.gob.pa\/crisolfm\/wp-json\/wp\/v2\/posts\/26035","targetHints":{"allow":["GET"]}}],"collection":[{"href":"https:\/\/sertv.gob.pa\/crisolfm\/wp-json\/wp\/v2\/posts"}],"about":[{"href":"https:\/\/sertv.gob.pa\/crisolfm\/wp-json\/wp\/v2\/types\/post"}],"author":[{"embeddable":true,"href":"https:\/\/sertv.gob.pa\/crisolfm\/wp-json\/wp\/v2\/users\/64"}],"replies":[{"embeddable":true,"href":"https:\/\/sertv.gob.pa\/crisolfm\/wp-json\/wp\/v2\/comments?post=26035"}],"version-history":[{"count":1,"href":"https:\/\/sertv.gob.pa\/crisolfm\/wp-json\/wp\/v2\/posts\/26035\/revisions"}],"predecessor-version":[{"id":26037,"href":"https:\/\/sertv.gob.pa\/crisolfm\/wp-json\/wp\/v2\/posts\/26035\/revisions\/26037"}],"wp:featuredmedia":[{"embeddable":true,"href":"https:\/\/sertv.gob.pa\/crisolfm\/wp-json\/wp\/v2\/media\/26036"}],"wp:attachment":[{"href":"https:\/\/sertv.gob.pa\/crisolfm\/wp-json\/wp\/v2\/media?parent=26035"}],"wp:term":[{"taxonomy":"category","embeddable":true,"href":"https:\/\/sertv.gob.pa\/crisolfm\/wp-json\/wp\/v2\/categories?post=26035"},{"taxonomy":"post_tag","embeddable":true,"href":"https:\/\/sertv.gob.pa\/crisolfm\/wp-json\/wp\/v2\/tags?post=26035"}],"curies":[{"name":"wp","href":"https:\/\/api.w.org\/{rel}","templated":true}]}}