{"id":26052,"date":"2020-01-27T14:57:31","date_gmt":"2020-01-27T14:57:31","guid":{"rendered":"https:\/\/sertv.gob.pa\/crisolfm\/?p=26052"},"modified":"2020-01-27T14:57:31","modified_gmt":"2020-01-27T14:57:31","slug":"preocupacion-en-azuero-por-aumento-de-muertes-de-monos-en-riesgo-de-extincion","status":"publish","type":"post","link":"https:\/\/sertv.gob.pa\/crisolfm\/preocupacion-en-azuero-por-aumento-de-muertes-de-monos-en-riesgo-de-extincion\/","title":{"rendered":"Preocupaci\u00f3n en Azuero por aumento de muertes de monos en riesgo de extinci\u00f3n"},"content":{"rendered":"<p>La <strong>Fundaci\u00f3n Pro-Conservaci\u00f3n de los Primates Paname\u00f1os (FCPP) <\/strong>afirm\u00f3 que se presenta un incremento en las muertes de monos y otros animales silvestres por electrocuci\u00f3n en la pen\u00ednsula de Azuero, con mayor incidencia en la provincia de Los Santos. Se han hallado monos sobrevivientes con una sola extremidad o con un solo ojo. Adem\u00e1s, los intentos de los pobladores por salvar a algunos animales heridos han sido en vano.<\/p>\n<p>La fundaci\u00f3n, que estudia y monitorea a los monos de Panam\u00e1 desde 2001, recalc\u00f3 que esos casos se dan por la falta de mantenimiento a los cables el\u00e9ctricos y su instalaci\u00f3n sin la protecci\u00f3n adecuada, adem\u00e1s de la tala de \u00e1rboles.<\/p>\n<p><strong>Pedro M\u00e9ndez Carvajal<\/strong> director de la FCPP, plante\u00f3 que deben existir medidas especiales para regular la instalaci\u00f3n de cables en zonas pobladas, que vayan m\u00e1s acorde a la situaci\u00f3n y que sean implementadas en las evaluaciones del impacto ambiental.<\/p>\n<p>\u201cSi se construye en una zona donde hay animales silvestres se debe obligar a los empresarios a cumplir con los requerimientos para proteger a esas especies, debemos ser conscientes de nuestro impacto y no olvidarnos del papel ecol\u00f3gico que estos animales realizan\u00bb, se\u00f1al\u00f3 M\u00e9ndez Carvajal.<\/p>\n<p>&nbsp;<\/p>\n","protected":false},"excerpt":{"rendered":"<p>La Fundaci\u00f3n Pro-Conservaci\u00f3n de los Primates Paname\u00f1os (FCPP) afirm\u00f3 que <a href=\"https:\/\/sertv.gob.pa\/crisolfm\/preocupacion-en-azuero-por-aumento-de-muertes-de-monos-en-riesgo-de-extincion\/\"> [&#8230;]<\/a><\/p>\n","protected":false},"author":64,"featured_media":26054,"comment_status":"closed","ping_status":"closed","sticky":false,"template":"","format":"standard","meta":{"footnotes":""},"categories":[7],"tags":[],"class_list":["post-26052","post","type-post","status-publish","format-standard","has-post-thumbnail","hentry","category-ecologicas"],"_links":{"self":[{"href":"https:\/\/sertv.gob.pa\/crisolfm\/wp-json\/wp\/v2\/posts\/26052","targetHints":{"allow":["GET"]}}],"collection":[{"href":"https:\/\/sertv.gob.pa\/crisolfm\/wp-json\/wp\/v2\/posts"}],"about":[{"href":"https:\/\/sertv.gob.pa\/crisolfm\/wp-json\/wp\/v2\/types\/post"}],"author":[{"embeddable":true,"href":"https:\/\/sertv.gob.pa\/crisolfm\/wp-json\/wp\/v2\/users\/64"}],"replies":[{"embeddable":true,"href":"https:\/\/sertv.gob.pa\/crisolfm\/wp-json\/wp\/v2\/comments?post=26052"}],"version-history":[{"count":1,"href":"https:\/\/sertv.gob.pa\/crisolfm\/wp-json\/wp\/v2\/posts\/26052\/revisions"}],"predecessor-version":[{"id":26055,"href":"https:\/\/sertv.gob.pa\/crisolfm\/wp-json\/wp\/v2\/posts\/26052\/revisions\/26055"}],"wp:featuredmedia":[{"embeddable":true,"href":"https:\/\/sertv.gob.pa\/crisolfm\/wp-json\/wp\/v2\/media\/26054"}],"wp:attachment":[{"href":"https:\/\/sertv.gob.pa\/crisolfm\/wp-json\/wp\/v2\/media?parent=26052"}],"wp:term":[{"taxonomy":"category","embeddable":true,"href":"https:\/\/sertv.gob.pa\/crisolfm\/wp-json\/wp\/v2\/categories?post=26052"},{"taxonomy":"post_tag","embeddable":true,"href":"https:\/\/sertv.gob.pa\/crisolfm\/wp-json\/wp\/v2\/tags?post=26052"}],"curies":[{"name":"wp","href":"https:\/\/api.w.org\/{rel}","templated":true}]}}