{"id":26059,"date":"2020-01-27T15:12:20","date_gmt":"2020-01-27T15:12:20","guid":{"rendered":"https:\/\/sertv.gob.pa\/crisolfm\/?p=26059"},"modified":"2020-01-27T15:12:20","modified_gmt":"2020-01-27T15:12:20","slug":"tesla-byd-y-bmw-lideran-las-ventas-de-coches-electricos","status":"publish","type":"post","link":"https:\/\/sertv.gob.pa\/crisolfm\/tesla-byd-y-bmw-lideran-las-ventas-de-coches-electricos\/","title":{"rendered":"Tesla, BYD y BMW, lideran las ventas de coches el\u00e9ctricos"},"content":{"rendered":"<p>Tesla fue la marca con mayor cuota de mercado en la <strong>electromovilidad<\/strong> en todo el mundo, con un 20%, por delante de la china BYD, que cerr\u00f3 el ejercicio pasado con una cuota del 10% y de BMW, que obtuvo una penetraci\u00f3n del 7%.<\/p>\n<p>Por detr\u00e1s de estas compa\u00f1\u00edas en penetraci\u00f3n sobre el total de veh\u00edculos electrificados vendidos en todo el mundo se situaron Beijing Auto (4%), as\u00ed como Hyundai (4%), Nissan (4%), Volkswagen (4%), Kia (3%), Renault (3%) y Roewe (3%).<\/p>\n<p>En Europa, el reparto del mercado de la electromovilidad tambi\u00e9n estuvo <strong>liderado por Tesla<\/strong>, con un 20%, seguida de:<\/p>\n<ul>\n<li>BMW (14%),<\/li>\n<li>Renault (8%),<\/li>\n<li>Volkswagen (7%),<\/li>\n<li>Hyundai (6%),<\/li>\n<li>Mitsubishi (6%),<\/li>\n<li>Nissan (6%),<\/li>\n<li>Volvo (6%),<\/li>\n<li>Kia (5%),<\/li>\n<li>Audi (4%),<\/li>\n<li>Mercedes-Benz (3%) y<\/li>\n<li>Smart (3%).<\/li>\n<\/ul>\n<p>ECOticias<\/p>\n","protected":false},"excerpt":{"rendered":"<p>Tesla fue la marca con mayor cuota de mercado en <a href=\"https:\/\/sertv.gob.pa\/crisolfm\/tesla-byd-y-bmw-lideran-las-ventas-de-coches-electricos\/\"> [&#8230;]<\/a><\/p>\n","protected":false},"author":64,"featured_media":26060,"comment_status":"closed","ping_status":"closed","sticky":false,"template":"","format":"standard","meta":{"footnotes":""},"categories":[7],"tags":[],"class_list":["post-26059","post","type-post","status-publish","format-standard","has-post-thumbnail","hentry","category-ecologicas"],"_links":{"self":[{"href":"https:\/\/sertv.gob.pa\/crisolfm\/wp-json\/wp\/v2\/posts\/26059","targetHints":{"allow":["GET"]}}],"collection":[{"href":"https:\/\/sertv.gob.pa\/crisolfm\/wp-json\/wp\/v2\/posts"}],"about":[{"href":"https:\/\/sertv.gob.pa\/crisolfm\/wp-json\/wp\/v2\/types\/post"}],"author":[{"embeddable":true,"href":"https:\/\/sertv.gob.pa\/crisolfm\/wp-json\/wp\/v2\/users\/64"}],"replies":[{"embeddable":true,"href":"https:\/\/sertv.gob.pa\/crisolfm\/wp-json\/wp\/v2\/comments?post=26059"}],"version-history":[{"count":1,"href":"https:\/\/sertv.gob.pa\/crisolfm\/wp-json\/wp\/v2\/posts\/26059\/revisions"}],"predecessor-version":[{"id":26061,"href":"https:\/\/sertv.gob.pa\/crisolfm\/wp-json\/wp\/v2\/posts\/26059\/revisions\/26061"}],"wp:featuredmedia":[{"embeddable":true,"href":"https:\/\/sertv.gob.pa\/crisolfm\/wp-json\/wp\/v2\/media\/26060"}],"wp:attachment":[{"href":"https:\/\/sertv.gob.pa\/crisolfm\/wp-json\/wp\/v2\/media?parent=26059"}],"wp:term":[{"taxonomy":"category","embeddable":true,"href":"https:\/\/sertv.gob.pa\/crisolfm\/wp-json\/wp\/v2\/categories?post=26059"},{"taxonomy":"post_tag","embeddable":true,"href":"https:\/\/sertv.gob.pa\/crisolfm\/wp-json\/wp\/v2\/tags?post=26059"}],"curies":[{"name":"wp","href":"https:\/\/api.w.org\/{rel}","templated":true}]}}