{"id":26080,"date":"2020-01-28T14:28:34","date_gmt":"2020-01-28T14:28:34","guid":{"rendered":"https:\/\/sertv.gob.pa\/crisolfm\/?p=26080"},"modified":"2020-01-28T14:28:34","modified_gmt":"2020-01-28T14:28:34","slug":"presentan-anteproyecto-de-ley-general-de-cultura","status":"publish","type":"post","link":"https:\/\/sertv.gob.pa\/crisolfm\/presentan-anteproyecto-de-ley-general-de-cultura\/","title":{"rendered":"Presentan anteproyecto de Ley General de Cultura"},"content":{"rendered":"<p>El anteproyecto de Ley General de Cultura, instrumento legal que dotar\u00e1 al Ministerio de Cultura de un marco y enfoque moderno para sustentar su actuaci\u00f3n en el fomento a los derechos culturales y los objetivos de desarrollo sostenible, fue presentado ante el pleno de la Asamblea Nacional.<\/p>\n<p>El presidente de la Comisi\u00f3n de Educaci\u00f3n, Cultura y Deporte de la Asamblea Nacional, H\u00e9ctor Brands, proponente de esta nueva herramienta cultural, explic\u00f3 ante el pleno de diputados, que este anteproyecto legitimar\u00e1 las actuaciones p\u00fablicas a favor de una amplia gama de actividades, procesos y sectores que hasta el momento no hab\u00edan sido concebidos desde la normatividad cultural nacional como parte integrante de las responsabilidades de la institucionalidad cultural.<\/p>\n<p>A criterio del Ministro de Cultura, Carlos Aguilar, se trata de un documento que propondr\u00e1 nuevos instrumentos legales dise\u00f1ados para dise\u00f1ar y ejecutar el Plan Nacional de Cultura del Buen Gobierno del presidente Laurentino Cortizo Cohen. De igual manera, destaca el ministro, la ley General de Cultura logra reconocer que la cultura es un eje transversal en cuanto a la necesidad de establecer las pol\u00edticas p\u00fablicas con acciones intersectoriales para mejorar la calidad de vida de las personas.<\/p>\n<p>&nbsp;<\/p>\n","protected":false},"excerpt":{"rendered":"<p>El anteproyecto de Ley General de Cultura, instrumento legal que <a href=\"https:\/\/sertv.gob.pa\/crisolfm\/presentan-anteproyecto-de-ley-general-de-cultura\/\"> [&#8230;]<\/a><\/p>\n","protected":false},"author":64,"featured_media":26081,"comment_status":"closed","ping_status":"closed","sticky":false,"template":"","format":"standard","meta":{"footnotes":""},"categories":[6],"tags":[],"class_list":["post-26080","post","type-post","status-publish","format-standard","has-post-thumbnail","hentry","category-culturales"],"_links":{"self":[{"href":"https:\/\/sertv.gob.pa\/crisolfm\/wp-json\/wp\/v2\/posts\/26080","targetHints":{"allow":["GET"]}}],"collection":[{"href":"https:\/\/sertv.gob.pa\/crisolfm\/wp-json\/wp\/v2\/posts"}],"about":[{"href":"https:\/\/sertv.gob.pa\/crisolfm\/wp-json\/wp\/v2\/types\/post"}],"author":[{"embeddable":true,"href":"https:\/\/sertv.gob.pa\/crisolfm\/wp-json\/wp\/v2\/users\/64"}],"replies":[{"embeddable":true,"href":"https:\/\/sertv.gob.pa\/crisolfm\/wp-json\/wp\/v2\/comments?post=26080"}],"version-history":[{"count":1,"href":"https:\/\/sertv.gob.pa\/crisolfm\/wp-json\/wp\/v2\/posts\/26080\/revisions"}],"predecessor-version":[{"id":26082,"href":"https:\/\/sertv.gob.pa\/crisolfm\/wp-json\/wp\/v2\/posts\/26080\/revisions\/26082"}],"wp:featuredmedia":[{"embeddable":true,"href":"https:\/\/sertv.gob.pa\/crisolfm\/wp-json\/wp\/v2\/media\/26081"}],"wp:attachment":[{"href":"https:\/\/sertv.gob.pa\/crisolfm\/wp-json\/wp\/v2\/media?parent=26080"}],"wp:term":[{"taxonomy":"category","embeddable":true,"href":"https:\/\/sertv.gob.pa\/crisolfm\/wp-json\/wp\/v2\/categories?post=26080"},{"taxonomy":"post_tag","embeddable":true,"href":"https:\/\/sertv.gob.pa\/crisolfm\/wp-json\/wp\/v2\/tags?post=26080"}],"curies":[{"name":"wp","href":"https:\/\/api.w.org\/{rel}","templated":true}]}}