{"id":26083,"date":"2020-01-28T14:36:32","date_gmt":"2020-01-28T14:36:32","guid":{"rendered":"https:\/\/sertv.gob.pa\/crisolfm\/?p=26083"},"modified":"2020-01-28T14:36:32","modified_gmt":"2020-01-28T14:36:32","slug":"tres-sismos-sacuden-las-regiones-costera-e-insular-de-ecuador","status":"publish","type":"post","link":"https:\/\/sertv.gob.pa\/crisolfm\/tres-sismos-sacuden-las-regiones-costera-e-insular-de-ecuador\/","title":{"rendered":"Tres sismos sacuden las regiones costera e insular de Ecuador"},"content":{"rendered":"<p>Tres sismos de entre 4,15 y 3,24 de magnitud en la escala abierta de Richter se registraron ayer en zonas de las regiones costera e insular de Ecuador, sin que hasta el momento se haya informado de v\u00edctimas o da\u00f1os materiales.<\/p>\n<p>Seg\u00fan el Instituto Geof\u00edsico de la Escuela Polit\u00e9cnica Nacional, el sismo de magnitud 4,15 ocurri\u00f3 en la provincia costera de Esmeraldas, fronteriza con Colombia a 0,89 grados de latitud sur y a 79,52 grados de longitud oeste. De acuerdo a la fuente, el temblor sucedi\u00f3 a una profundidad de 1,69 kil\u00f3metros y a 16,21 kil\u00f3metros de la ciudad de Esmeraldas, capital de las principales de la provincia, situada en el noroeste de Ecuador.<\/p>\n<p>Esa provincia y Manab\u00ed fueron las m\u00e1s golpeadas por un terremoto hace casi 4 a\u00f1os, uno de los m\u00e1s graves del pa\u00eds.<\/p>\n<p>EFE<\/p>\n","protected":false},"excerpt":{"rendered":"<p>Tres sismos de entre 4,15 y 3,24 de magnitud en <a href=\"https:\/\/sertv.gob.pa\/crisolfm\/tres-sismos-sacuden-las-regiones-costera-e-insular-de-ecuador\/\"> [&#8230;]<\/a><\/p>\n","protected":false},"author":64,"featured_media":26084,"comment_status":"closed","ping_status":"closed","sticky":false,"template":"","format":"standard","meta":{"footnotes":""},"categories":[7],"tags":[],"class_list":["post-26083","post","type-post","status-publish","format-standard","has-post-thumbnail","hentry","category-ecologicas"],"_links":{"self":[{"href":"https:\/\/sertv.gob.pa\/crisolfm\/wp-json\/wp\/v2\/posts\/26083","targetHints":{"allow":["GET"]}}],"collection":[{"href":"https:\/\/sertv.gob.pa\/crisolfm\/wp-json\/wp\/v2\/posts"}],"about":[{"href":"https:\/\/sertv.gob.pa\/crisolfm\/wp-json\/wp\/v2\/types\/post"}],"author":[{"embeddable":true,"href":"https:\/\/sertv.gob.pa\/crisolfm\/wp-json\/wp\/v2\/users\/64"}],"replies":[{"embeddable":true,"href":"https:\/\/sertv.gob.pa\/crisolfm\/wp-json\/wp\/v2\/comments?post=26083"}],"version-history":[{"count":1,"href":"https:\/\/sertv.gob.pa\/crisolfm\/wp-json\/wp\/v2\/posts\/26083\/revisions"}],"predecessor-version":[{"id":26085,"href":"https:\/\/sertv.gob.pa\/crisolfm\/wp-json\/wp\/v2\/posts\/26083\/revisions\/26085"}],"wp:featuredmedia":[{"embeddable":true,"href":"https:\/\/sertv.gob.pa\/crisolfm\/wp-json\/wp\/v2\/media\/26084"}],"wp:attachment":[{"href":"https:\/\/sertv.gob.pa\/crisolfm\/wp-json\/wp\/v2\/media?parent=26083"}],"wp:term":[{"taxonomy":"category","embeddable":true,"href":"https:\/\/sertv.gob.pa\/crisolfm\/wp-json\/wp\/v2\/categories?post=26083"},{"taxonomy":"post_tag","embeddable":true,"href":"https:\/\/sertv.gob.pa\/crisolfm\/wp-json\/wp\/v2\/tags?post=26083"}],"curies":[{"name":"wp","href":"https:\/\/api.w.org\/{rel}","templated":true}]}}