{"id":26097,"date":"2020-01-28T15:12:33","date_gmt":"2020-01-28T15:12:33","guid":{"rendered":"https:\/\/sertv.gob.pa\/crisolfm\/?p=26097"},"modified":"2020-01-28T15:12:33","modified_gmt":"2020-01-28T15:12:33","slug":"muere-el-prestigioso-filologo-espanol-alberto-blecua","status":"publish","type":"post","link":"https:\/\/sertv.gob.pa\/crisolfm\/muere-el-prestigioso-filologo-espanol-alberto-blecua\/","title":{"rendered":"Muere el prestigioso fil\u00f3logo espa\u00f1ol Alberto Blecua"},"content":{"rendered":"<p>El fil\u00f3logo espa\u00f1ol <strong>Alberto Blecua<\/strong>, uno de los grandes especialistas del Siglo de Oro, ha fallecido a los 79 a\u00f1os. Era la m\u00e1xima referencia en el campo de la cr\u00edtica textual, a la que consagr\u00f3 los estudios \u00abEn el texto de Garcilaso\u00bb (1970), \u00abLa transmisi\u00f3n textual del \u00abConde Lucanor\u00bb\u00bb (1982), el \u00abManual de cr\u00edtica textual\u00bb (1983) y los \u00abEstudios de cr\u00edtica textual\u00bb (2012), que recogen sus trabajos m\u00e1s relevantes sobre la materia.<\/p>\n<p>Sus ediciones del \u00ab<strong>Lazarillo de Tormes<\/strong>\u00bb, el \u00ab<strong>Libro de buen amor<\/strong>\u00bb y el \u00ab<strong>Don Quijote<\/strong>\u00bb son una referencia para los fil\u00f3logos. Fue, tambi\u00e9n, un hombre con una visi\u00f3n total de la literatura espa\u00f1ola. Sus mejores aportaciones sobre historia literaria las reuni\u00f3 en el volumen \u00abSignos viejos y nuevos\u00bb (2006).<\/p>\n<p>Fund\u00f3 en 1989 el <strong>Grupo PROLOPE<\/strong>, y bajo su direcci\u00f3n se publicaron m\u00e1s de un centenar de piezas. Fue profesor visitante en las universidades de Harvard y La Sorbona y conferenciante en innumerables universidades espa\u00f1olas y europeas. Fue presidente de la Asociaci\u00f3n Internacional de Cervantistas y pertenec\u00eda al consejo asesor de numerosas publicaciones cient\u00edficas espa\u00f1olas y extranjeras. Era miembro correspondiente de la Real Academia Espa\u00f1ola y de n\u00famero de la Real Academia de Buenas Letras de Barcelona.<\/p>\n<p>ABC Cultura<\/p>\n","protected":false},"excerpt":{"rendered":"<p>El fil\u00f3logo espa\u00f1ol Alberto Blecua, uno de los grandes especialistas <a href=\"https:\/\/sertv.gob.pa\/crisolfm\/muere-el-prestigioso-filologo-espanol-alberto-blecua\/\"> [&#8230;]<\/a><\/p>\n","protected":false},"author":64,"featured_media":26098,"comment_status":"closed","ping_status":"closed","sticky":false,"template":"","format":"standard","meta":{"footnotes":""},"categories":[6],"tags":[],"class_list":["post-26097","post","type-post","status-publish","format-standard","has-post-thumbnail","hentry","category-culturales"],"_links":{"self":[{"href":"https:\/\/sertv.gob.pa\/crisolfm\/wp-json\/wp\/v2\/posts\/26097","targetHints":{"allow":["GET"]}}],"collection":[{"href":"https:\/\/sertv.gob.pa\/crisolfm\/wp-json\/wp\/v2\/posts"}],"about":[{"href":"https:\/\/sertv.gob.pa\/crisolfm\/wp-json\/wp\/v2\/types\/post"}],"author":[{"embeddable":true,"href":"https:\/\/sertv.gob.pa\/crisolfm\/wp-json\/wp\/v2\/users\/64"}],"replies":[{"embeddable":true,"href":"https:\/\/sertv.gob.pa\/crisolfm\/wp-json\/wp\/v2\/comments?post=26097"}],"version-history":[{"count":1,"href":"https:\/\/sertv.gob.pa\/crisolfm\/wp-json\/wp\/v2\/posts\/26097\/revisions"}],"predecessor-version":[{"id":26099,"href":"https:\/\/sertv.gob.pa\/crisolfm\/wp-json\/wp\/v2\/posts\/26097\/revisions\/26099"}],"wp:featuredmedia":[{"embeddable":true,"href":"https:\/\/sertv.gob.pa\/crisolfm\/wp-json\/wp\/v2\/media\/26098"}],"wp:attachment":[{"href":"https:\/\/sertv.gob.pa\/crisolfm\/wp-json\/wp\/v2\/media?parent=26097"}],"wp:term":[{"taxonomy":"category","embeddable":true,"href":"https:\/\/sertv.gob.pa\/crisolfm\/wp-json\/wp\/v2\/categories?post=26097"},{"taxonomy":"post_tag","embeddable":true,"href":"https:\/\/sertv.gob.pa\/crisolfm\/wp-json\/wp\/v2\/tags?post=26097"}],"curies":[{"name":"wp","href":"https:\/\/api.w.org\/{rel}","templated":true}]}}