{"id":26104,"date":"2020-01-28T15:26:20","date_gmt":"2020-01-28T15:26:20","guid":{"rendered":"https:\/\/sertv.gob.pa\/crisolfm\/?p=26104"},"modified":"2020-01-28T15:26:20","modified_gmt":"2020-01-28T15:26:20","slug":"perez-reverte-el-escritor-mas-leido-de-2019","status":"publish","type":"post","link":"https:\/\/sertv.gob.pa\/crisolfm\/perez-reverte-el-escritor-mas-leido-de-2019\/","title":{"rendered":"P\u00e9rez-Reverte, el escritor m\u00e1s le\u00eddo de 2019"},"content":{"rendered":"<p><strong>Arturo Perez-Reverte<\/strong> se ha convertido en el escritor m\u00e1s le\u00eddo del 2019 gracias a su obra \u00ab <a href=\"https:\/\/www.abc.es\/cultura\/cultural\/abci-perez-reverte-campeador-heroe-frontera-201909260030_noticia.html\" target=\"_blank\" rel=\"noopener\">Sidi\u00bb<\/a>, que le ha aupado al primero puesto en la lista de libros m\u00e1s vendidos y su recopilaci\u00f3n de <strong>art\u00edculos<\/strong> escritos para<strong> XL Semanal <\/strong>recogidos en \u00abUna historia de Espa\u00f1a\u00bb se ha colocado en el cuarto lugar, seg\u00fan datos del Bookscan de <strong>Nielsen<\/strong>.<\/p>\n<p>Por <strong>detr\u00e1s<\/strong> del escritor murciano se ha quedado <a href=\"https:\/\/www.abc.es\/cultura\/libros\/abci-juan-gomez-jurado-tengo-claro-no-nobel-necesito-201910260106_noticia.html\" target=\"_blank\" rel=\"noopener\">Juan G\u00f3mez-Jurado con \u00abReina Roja\u00bb<\/a> y <a href=\"https:\/\/www.abc.es\/cultura\/libros\/abci-dolores-redondo-destapa-origenes-inspectora-salazar-nueva-novela-cara-norte-corazon-201910021234_noticia.html\" target=\"_blank\" rel=\"noopener\">Dolores Redondo con \u00abLa cara norte del coraz\u00f3n\u00bb<\/a>, que se han quedado en <strong>segundo y tercer lugar<\/strong>, respectivamente. Entre las <strong>sorpresas <\/strong>de la lista, Nielsen destaca la <strong>quinta posici\u00f3n <\/strong>de \u00ab <a href=\"https:\/\/www.abc.es\/cultura\/libros\/abci-libro-autoayuda-best-seller-rivaliza-ventas-premio-planeta-201901302043_noticia.html\" target=\"_blank\" rel=\"noopener\">C\u00f3mo hacer que te pasen cosas buenas<\/a>\u00bb de Mari\u00e1n Rojas, un libro de autoayuda que refrenda la tendencia literaria de este tipo de libros.<\/p>\n<p>Adem\u00e1s, en el <strong>noveno puesto <\/strong>se ha situado el nutricionista <a href=\"https:\/\/www.abc.es\/bienestar\/alimentacion\/abci-como-adelgazar-realfood-reto-carlos-rios-para-perder-peso-forma-saludable-202001110307_noticia.html\" target=\"_blank\" rel=\"noopener\">Carlos R\u00edos<\/a>, que con su movimiento \u00abReal Food\u00bb (comida real), ha logrado un gran n\u00famero de seguidores en redes sociales y ahora tambi\u00e9n en las l\u00edbrerias con el libro \u00abcome comida real\u00bb.<\/p>\n<p>A su vez, ocupa el sexto lugar de la lista <strong>\u00abYo Julia\u00bb de Santiago Posteguillo<\/strong>(6\u00ba), un cl\u00e1sico de esta lista que el a\u00f1o pasado consigui\u00f3 la cuarta plaza tras conseguir el premio Planeta en 2018. Por su parte,<strong> Isabel Allende <\/strong>y su novela <a href=\"https:\/\/www.abc.es\/espana\/catalunya\/disfruta\/abci-isabel-allende-brotes-malestar-social-alrededor-mundo-generaran-cambios-positivos-201911041747_noticia.html\" target=\"_blank\" rel=\"noopener\">\u00abLargo p\u00e9talo de mar\u00bb<\/a> ha cerrado el 2019 como s\u00e9ptimo libro m\u00e1s vendido, por delante de <strong>\u00abSapiens. De animales a dioses\u00bb<\/strong> de <strong>Yuval Noah Harari <\/strong>y cierra la lista <strong>\u00abTodo lo que sucedi\u00f3 con Miranda Huff\u00bb, de Javier Castillo<\/strong>.<\/p>\n<p>ABC Cultura<\/p>\n","protected":false},"excerpt":{"rendered":"<p>Arturo Perez-Reverte se ha convertido en el escritor m\u00e1s le\u00eddo <a href=\"https:\/\/sertv.gob.pa\/crisolfm\/perez-reverte-el-escritor-mas-leido-de-2019\/\"> [&#8230;]<\/a><\/p>\n","protected":false},"author":64,"featured_media":26105,"comment_status":"closed","ping_status":"closed","sticky":false,"template":"","format":"standard","meta":{"footnotes":""},"categories":[6],"tags":[],"class_list":["post-26104","post","type-post","status-publish","format-standard","has-post-thumbnail","hentry","category-culturales"],"_links":{"self":[{"href":"https:\/\/sertv.gob.pa\/crisolfm\/wp-json\/wp\/v2\/posts\/26104","targetHints":{"allow":["GET"]}}],"collection":[{"href":"https:\/\/sertv.gob.pa\/crisolfm\/wp-json\/wp\/v2\/posts"}],"about":[{"href":"https:\/\/sertv.gob.pa\/crisolfm\/wp-json\/wp\/v2\/types\/post"}],"author":[{"embeddable":true,"href":"https:\/\/sertv.gob.pa\/crisolfm\/wp-json\/wp\/v2\/users\/64"}],"replies":[{"embeddable":true,"href":"https:\/\/sertv.gob.pa\/crisolfm\/wp-json\/wp\/v2\/comments?post=26104"}],"version-history":[{"count":1,"href":"https:\/\/sertv.gob.pa\/crisolfm\/wp-json\/wp\/v2\/posts\/26104\/revisions"}],"predecessor-version":[{"id":26106,"href":"https:\/\/sertv.gob.pa\/crisolfm\/wp-json\/wp\/v2\/posts\/26104\/revisions\/26106"}],"wp:featuredmedia":[{"embeddable":true,"href":"https:\/\/sertv.gob.pa\/crisolfm\/wp-json\/wp\/v2\/media\/26105"}],"wp:attachment":[{"href":"https:\/\/sertv.gob.pa\/crisolfm\/wp-json\/wp\/v2\/media?parent=26104"}],"wp:term":[{"taxonomy":"category","embeddable":true,"href":"https:\/\/sertv.gob.pa\/crisolfm\/wp-json\/wp\/v2\/categories?post=26104"},{"taxonomy":"post_tag","embeddable":true,"href":"https:\/\/sertv.gob.pa\/crisolfm\/wp-json\/wp\/v2\/tags?post=26104"}],"curies":[{"name":"wp","href":"https:\/\/api.w.org\/{rel}","templated":true}]}}