{"id":26114,"date":"2020-01-28T20:14:38","date_gmt":"2020-01-28T20:14:38","guid":{"rendered":"https:\/\/sertv.gob.pa\/crisolfm\/?p=26114"},"modified":"2020-01-28T20:19:12","modified_gmt":"2020-01-28T20:19:12","slug":"terremoto-de-77-grados-sacude-costas-de-jamaica-cuba-y-mexico","status":"publish","type":"post","link":"https:\/\/sertv.gob.pa\/crisolfm\/terremoto-de-77-grados-sacude-costas-de-jamaica-cuba-y-mexico\/","title":{"rendered":"Terremoto de 7,7 grados sacude costas de Jamaica y Cuba"},"content":{"rendered":"<p>Un sismo de magnitud 7,7 remeci\u00f3 el sur de Cuba y el noroeste de Jamaica este martes, inform\u00f3 el Servicio Geol\u00f3gico de Estados Unidos (USGS).<\/p>\n<p>El temblor tuvo su epicentro 125 kil\u00f3metros (77 millas) al norte-noroeste de Lucea, Jamaica, a las 2:10 p.m. (1910 GMT), y a unos 10 kil\u00f3metros (6 millas) de la superficie.<\/p>\n<p>Hasta el momento no se han reportado da\u00f1os o personas lesionadas. En un inicio, el USGS report\u00f3 una intensidad de 7,3.<\/p>\n<p>Seg\u00fan la agencia geol\u00f3gica el movimiento s\u00edsmico de produjo a 10 kil\u00f3metros de profundidad del lecho marino. A\u00fan no se conoce si hay alerta de tsunami.<\/p>\n<p>&nbsp;<\/p>\n<p>AP<\/p>\n<p>&nbsp;<\/p>\n","protected":false},"excerpt":{"rendered":"<p>Un sismo de magnitud 7,7 remeci\u00f3 el sur de Cuba <a href=\"https:\/\/sertv.gob.pa\/crisolfm\/terremoto-de-77-grados-sacude-costas-de-jamaica-cuba-y-mexico\/\"> [&#8230;]<\/a><\/p>\n","protected":false},"author":64,"featured_media":26115,"comment_status":"closed","ping_status":"closed","sticky":false,"template":"","format":"standard","meta":{"footnotes":""},"categories":[7],"tags":[],"class_list":["post-26114","post","type-post","status-publish","format-standard","has-post-thumbnail","hentry","category-ecologicas"],"_links":{"self":[{"href":"https:\/\/sertv.gob.pa\/crisolfm\/wp-json\/wp\/v2\/posts\/26114","targetHints":{"allow":["GET"]}}],"collection":[{"href":"https:\/\/sertv.gob.pa\/crisolfm\/wp-json\/wp\/v2\/posts"}],"about":[{"href":"https:\/\/sertv.gob.pa\/crisolfm\/wp-json\/wp\/v2\/types\/post"}],"author":[{"embeddable":true,"href":"https:\/\/sertv.gob.pa\/crisolfm\/wp-json\/wp\/v2\/users\/64"}],"replies":[{"embeddable":true,"href":"https:\/\/sertv.gob.pa\/crisolfm\/wp-json\/wp\/v2\/comments?post=26114"}],"version-history":[{"count":2,"href":"https:\/\/sertv.gob.pa\/crisolfm\/wp-json\/wp\/v2\/posts\/26114\/revisions"}],"predecessor-version":[{"id":26117,"href":"https:\/\/sertv.gob.pa\/crisolfm\/wp-json\/wp\/v2\/posts\/26114\/revisions\/26117"}],"wp:featuredmedia":[{"embeddable":true,"href":"https:\/\/sertv.gob.pa\/crisolfm\/wp-json\/wp\/v2\/media\/26115"}],"wp:attachment":[{"href":"https:\/\/sertv.gob.pa\/crisolfm\/wp-json\/wp\/v2\/media?parent=26114"}],"wp:term":[{"taxonomy":"category","embeddable":true,"href":"https:\/\/sertv.gob.pa\/crisolfm\/wp-json\/wp\/v2\/categories?post=26114"},{"taxonomy":"post_tag","embeddable":true,"href":"https:\/\/sertv.gob.pa\/crisolfm\/wp-json\/wp\/v2\/tags?post=26114"}],"curies":[{"name":"wp","href":"https:\/\/api.w.org\/{rel}","templated":true}]}}