{"id":26145,"date":"2020-01-29T15:22:05","date_gmt":"2020-01-29T15:22:05","guid":{"rendered":"https:\/\/sertv.gob.pa\/crisolfm\/?p=26145"},"modified":"2020-01-29T15:22:05","modified_gmt":"2020-01-29T15:22:05","slug":"en-las-tablas-se-realizara-congreso-del-tambor-de-azuero","status":"publish","type":"post","link":"https:\/\/sertv.gob.pa\/crisolfm\/en-las-tablas-se-realizara-congreso-del-tambor-de-azuero\/","title":{"rendered":"En Las Tablas se realizar\u00e1 \u201cCongreso del Tambor de Azuero\u201d"},"content":{"rendered":"<p>En el Centro Regional Universitario de Las Tablas se realizar\u00e1 el \u201cCongreso del Tambor de Azuero\u201d, el pr\u00f3ximo 1 de febrero, al cual asistir\u00e1n expositores de todo el pa\u00eds.<\/p>\n<p>En la actividad, que ser\u00e1 abierta al p\u00fablico, se hablar\u00e1 sobre el origen de ese instrumento, el rescate de las tonadas, la etnom\u00fasica de Azuero, el desarrollo discogr\u00e1fico del tambor paname\u00f1o.<\/p>\n<p>La velada es organizada por el doctor Benigno Quintero y comenzar\u00e1 a las 8:00 p.m.<\/p>\n<p>&nbsp;<\/p>\n","protected":false},"excerpt":{"rendered":"<p>En el Centro Regional Universitario de Las Tablas se realizar\u00e1 <a href=\"https:\/\/sertv.gob.pa\/crisolfm\/en-las-tablas-se-realizara-congreso-del-tambor-de-azuero\/\"> [&#8230;]<\/a><\/p>\n","protected":false},"author":64,"featured_media":26146,"comment_status":"closed","ping_status":"closed","sticky":false,"template":"","format":"standard","meta":{"footnotes":""},"categories":[6],"tags":[],"class_list":["post-26145","post","type-post","status-publish","format-standard","has-post-thumbnail","hentry","category-culturales"],"_links":{"self":[{"href":"https:\/\/sertv.gob.pa\/crisolfm\/wp-json\/wp\/v2\/posts\/26145","targetHints":{"allow":["GET"]}}],"collection":[{"href":"https:\/\/sertv.gob.pa\/crisolfm\/wp-json\/wp\/v2\/posts"}],"about":[{"href":"https:\/\/sertv.gob.pa\/crisolfm\/wp-json\/wp\/v2\/types\/post"}],"author":[{"embeddable":true,"href":"https:\/\/sertv.gob.pa\/crisolfm\/wp-json\/wp\/v2\/users\/64"}],"replies":[{"embeddable":true,"href":"https:\/\/sertv.gob.pa\/crisolfm\/wp-json\/wp\/v2\/comments?post=26145"}],"version-history":[{"count":1,"href":"https:\/\/sertv.gob.pa\/crisolfm\/wp-json\/wp\/v2\/posts\/26145\/revisions"}],"predecessor-version":[{"id":26147,"href":"https:\/\/sertv.gob.pa\/crisolfm\/wp-json\/wp\/v2\/posts\/26145\/revisions\/26147"}],"wp:featuredmedia":[{"embeddable":true,"href":"https:\/\/sertv.gob.pa\/crisolfm\/wp-json\/wp\/v2\/media\/26146"}],"wp:attachment":[{"href":"https:\/\/sertv.gob.pa\/crisolfm\/wp-json\/wp\/v2\/media?parent=26145"}],"wp:term":[{"taxonomy":"category","embeddable":true,"href":"https:\/\/sertv.gob.pa\/crisolfm\/wp-json\/wp\/v2\/categories?post=26145"},{"taxonomy":"post_tag","embeddable":true,"href":"https:\/\/sertv.gob.pa\/crisolfm\/wp-json\/wp\/v2\/tags?post=26145"}],"curies":[{"name":"wp","href":"https:\/\/api.w.org\/{rel}","templated":true}]}}