{"id":26148,"date":"2020-01-29T15:28:55","date_gmt":"2020-01-29T15:28:55","guid":{"rendered":"https:\/\/sertv.gob.pa\/crisolfm\/?p=26148"},"modified":"2020-01-29T15:28:55","modified_gmt":"2020-01-29T15:28:55","slug":"vargas-llosa-gana-el-premio-francisco-umbral-al-libro-del-ano-con-tiempos-recios","status":"publish","type":"post","link":"https:\/\/sertv.gob.pa\/crisolfm\/vargas-llosa-gana-el-premio-francisco-umbral-al-libro-del-ano-con-tiempos-recios\/","title":{"rendered":"Vargas Llosa gana el premio Francisco Umbral al Libro del A\u00f1o con \u00abTiempos recios\u00bb"},"content":{"rendered":"<p>La novela \u00abTiempos recios\u00bb, de<strong> Mario Vargas Llosa<\/strong>, ha resultado ganadora del Premio Francisco Umbral al Libro del A\u00f1o, seg\u00fan el fallo del jurado hecho p\u00fablico este mi\u00e9rcoles.<\/p>\n<p>Se trata del noveno a\u00f1o consecutivo en que la Fundaci\u00f3n Francisco Umbral convoca este premio,<strong> dotado con 12.000 euros <\/strong>y al que pueden concurrir libros escritos en castellano y editados en 2019.<\/p>\n<p>Vargas LLosa <a href=\"https:\/\/www.abc.es\/cultura\/cultural\/abci-santiago-lorenzo-mario-vargas-llosa-y-jose-varela-ortega-podio-mejor-libro-espanol-201912290047_noticia.html\" target=\"_blank\" rel=\"noopener\">se ha mostrado muy contento por este premio<\/a>, seg\u00fan ha explicado Mar\u00eda Espa\u00f1a, viuda de Francisco Umbral y presidenta de la Fundaci\u00f3n Francisco Umbral, que otorga el galard\u00f3n.<\/p>\n<p>\u00abEst\u00e1 en sinton\u00eda con esta obra, tiene la misma temperatura y va en la l\u00ednea de investigaci\u00f3n hist\u00f3rica y alternancia entre la vida privada y la vida p\u00fablica\u00bb, ha se\u00f1alado el presidente del jurado, Manuel Llorente.<\/p>\n<p><strong>Antonio Soler fue el ganador de la anterior edici\u00f3n <\/strong>con &#8216;Sur&#8217;. Otros premiados fueron Santos Juli\u00e1 con &#8216;Transici\u00f3n&#8217; (2017), Fernando Aramburu con &#8216;Patria&#8217; (2016) o Jos\u00e9 Manuel Caballero Bonald con &#8216;Desaprendizajes&#8217; (2015).<\/p>\n<p>ABC Cultura<\/p>\n","protected":false},"excerpt":{"rendered":"<p>La novela \u00abTiempos recios\u00bb, de Mario Vargas Llosa, ha resultado <a href=\"https:\/\/sertv.gob.pa\/crisolfm\/vargas-llosa-gana-el-premio-francisco-umbral-al-libro-del-ano-con-tiempos-recios\/\"> [&#8230;]<\/a><\/p>\n","protected":false},"author":64,"featured_media":26149,"comment_status":"closed","ping_status":"closed","sticky":false,"template":"","format":"standard","meta":{"footnotes":""},"categories":[6],"tags":[],"class_list":["post-26148","post","type-post","status-publish","format-standard","has-post-thumbnail","hentry","category-culturales"],"_links":{"self":[{"href":"https:\/\/sertv.gob.pa\/crisolfm\/wp-json\/wp\/v2\/posts\/26148","targetHints":{"allow":["GET"]}}],"collection":[{"href":"https:\/\/sertv.gob.pa\/crisolfm\/wp-json\/wp\/v2\/posts"}],"about":[{"href":"https:\/\/sertv.gob.pa\/crisolfm\/wp-json\/wp\/v2\/types\/post"}],"author":[{"embeddable":true,"href":"https:\/\/sertv.gob.pa\/crisolfm\/wp-json\/wp\/v2\/users\/64"}],"replies":[{"embeddable":true,"href":"https:\/\/sertv.gob.pa\/crisolfm\/wp-json\/wp\/v2\/comments?post=26148"}],"version-history":[{"count":1,"href":"https:\/\/sertv.gob.pa\/crisolfm\/wp-json\/wp\/v2\/posts\/26148\/revisions"}],"predecessor-version":[{"id":26150,"href":"https:\/\/sertv.gob.pa\/crisolfm\/wp-json\/wp\/v2\/posts\/26148\/revisions\/26150"}],"wp:featuredmedia":[{"embeddable":true,"href":"https:\/\/sertv.gob.pa\/crisolfm\/wp-json\/wp\/v2\/media\/26149"}],"wp:attachment":[{"href":"https:\/\/sertv.gob.pa\/crisolfm\/wp-json\/wp\/v2\/media?parent=26148"}],"wp:term":[{"taxonomy":"category","embeddable":true,"href":"https:\/\/sertv.gob.pa\/crisolfm\/wp-json\/wp\/v2\/categories?post=26148"},{"taxonomy":"post_tag","embeddable":true,"href":"https:\/\/sertv.gob.pa\/crisolfm\/wp-json\/wp\/v2\/tags?post=26148"}],"curies":[{"name":"wp","href":"https:\/\/api.w.org\/{rel}","templated":true}]}}