{"id":26164,"date":"2020-01-30T15:19:41","date_gmt":"2020-01-30T15:19:41","guid":{"rendered":"https:\/\/sertv.gob.pa\/crisolfm\/?p=26164"},"modified":"2020-01-30T15:19:41","modified_gmt":"2020-01-30T15:19:41","slug":"la-berlinale-pondra-el-foco-en-la-diversidad-en-su-70-edicion","status":"publish","type":"post","link":"https:\/\/sertv.gob.pa\/crisolfm\/la-berlinale-pondra-el-foco-en-la-diversidad-en-su-70-edicion\/","title":{"rendered":"La Berlinale pondr\u00e1 el foco en la diversidad en su 70 edici\u00f3n"},"content":{"rendered":"<p>El <a href=\"https:\/\/www.prensa.com\/tema\/festival-internacional-de-cine-de-berl-n\/\" target=\"_blank\" rel=\"noopener\">festival de cine de Berl\u00edn (Berlinale)<\/a> har\u00e1 hincapi\u00e9 en su edici\u00f3n de este a\u00f1o \u2013la 70\u2013, que empezar\u00e1 el 20 de febrero, en la diversidad, anunciaron sus directores.<\/p>\n<p>\u201cLa historia de la Berlinale es la de la consciencia de todas las diferencias que existen, no solo en la industria del cine, sino en la vida\u201d en general, declar\u00f3 el italiano Carlo Chatrian, que dirige el festival junto con la holandesa Mariette Rissenbeek.<\/p>\n<p>Hollywood puso de manifiesto que, en el sector del cine, la mayor\u00eda de los galardonados son blancos. Sin embargo, los dos directores, que sucedieron a Dieter Kosslick al frente del certamen tras 18 a\u00f1os, prometieron reflejar y \u201cabrazar\u201d la diversidad, ayer.<\/p>\n<p>Entre los 18 filmes en competici\u00f3n por el Oso de Oro este a\u00f1o, solo seis fueron dirigidos por mujeres, es decir, menos que en la edici\u00f3n de 2019, aunque Kosslick hab\u00eda prometido paridad para la edici\u00f3n de 2020.<\/p>\n<p>Hasta el 1 de marzo, el jurado, que estar\u00e1 presidido por el actor brit\u00e1nico Jeremy Irons, tendr\u00e1 que dirimir entre pel\u00edculas como <strong>The roads not taken <\/strong>de Sally Potter, en la que participa el espa\u00f1ol Javier Bardem, y la \u00faltima obra del alem\u00e1n Christian Petzold <strong>Undine<\/strong>.<\/p>\n<p>Tambi\u00e9n se presentar\u00e1, a t\u00edtulo p\u00f3stumo, <strong>El tango del viudo y su espejo deformante<\/strong>, una pel\u00edcula que el cineasta chileno Ra\u00fal Ruiz, fallecido en 2011, empez\u00f3 en 1967 y que dej\u00f3 sin terminar por falta de fondos.<\/p>\n<p>El certamen contar\u00e1 con la presencia de la actriz estadounidense Sigourney Weaver, protagonista de <strong>My Salinger Year<\/strong>, del canadiense Philippe Falardeau.<\/p>\n<p>AFP<\/p>\n","protected":false},"excerpt":{"rendered":"<p>El festival de cine de Berl\u00edn (Berlinale) har\u00e1 hincapi\u00e9 en <a href=\"https:\/\/sertv.gob.pa\/crisolfm\/la-berlinale-pondra-el-foco-en-la-diversidad-en-su-70-edicion\/\"> [&#8230;]<\/a><\/p>\n","protected":false},"author":64,"featured_media":26165,"comment_status":"closed","ping_status":"closed","sticky":false,"template":"","format":"standard","meta":{"footnotes":""},"categories":[6],"tags":[],"class_list":["post-26164","post","type-post","status-publish","format-standard","has-post-thumbnail","hentry","category-culturales"],"_links":{"self":[{"href":"https:\/\/sertv.gob.pa\/crisolfm\/wp-json\/wp\/v2\/posts\/26164","targetHints":{"allow":["GET"]}}],"collection":[{"href":"https:\/\/sertv.gob.pa\/crisolfm\/wp-json\/wp\/v2\/posts"}],"about":[{"href":"https:\/\/sertv.gob.pa\/crisolfm\/wp-json\/wp\/v2\/types\/post"}],"author":[{"embeddable":true,"href":"https:\/\/sertv.gob.pa\/crisolfm\/wp-json\/wp\/v2\/users\/64"}],"replies":[{"embeddable":true,"href":"https:\/\/sertv.gob.pa\/crisolfm\/wp-json\/wp\/v2\/comments?post=26164"}],"version-history":[{"count":1,"href":"https:\/\/sertv.gob.pa\/crisolfm\/wp-json\/wp\/v2\/posts\/26164\/revisions"}],"predecessor-version":[{"id":26166,"href":"https:\/\/sertv.gob.pa\/crisolfm\/wp-json\/wp\/v2\/posts\/26164\/revisions\/26166"}],"wp:featuredmedia":[{"embeddable":true,"href":"https:\/\/sertv.gob.pa\/crisolfm\/wp-json\/wp\/v2\/media\/26165"}],"wp:attachment":[{"href":"https:\/\/sertv.gob.pa\/crisolfm\/wp-json\/wp\/v2\/media?parent=26164"}],"wp:term":[{"taxonomy":"category","embeddable":true,"href":"https:\/\/sertv.gob.pa\/crisolfm\/wp-json\/wp\/v2\/categories?post=26164"},{"taxonomy":"post_tag","embeddable":true,"href":"https:\/\/sertv.gob.pa\/crisolfm\/wp-json\/wp\/v2\/tags?post=26164"}],"curies":[{"name":"wp","href":"https:\/\/api.w.org\/{rel}","templated":true}]}}