{"id":26167,"date":"2020-01-30T15:26:17","date_gmt":"2020-01-30T15:26:17","guid":{"rendered":"https:\/\/sertv.gob.pa\/crisolfm\/?p=26167"},"modified":"2020-01-30T15:26:17","modified_gmt":"2020-01-30T15:26:17","slug":"muestra-expone-el-misticismo-de-los-yanomami","status":"publish","type":"post","link":"https:\/\/sertv.gob.pa\/crisolfm\/muestra-expone-el-misticismo-de-los-yanomami\/","title":{"rendered":"Muestra expone el misticismo de los yanomami"},"content":{"rendered":"<p>El rostro de un ni\u00f1o que se refresca en un r\u00edo amaz\u00f3nico refleja la simbiosis del pueblo yanomami con su amenazado entorno forestal, hilo conductor de una muestra de la fot\u00f3grafa Claudia Andujar en Par\u00eds.<\/p>\n<p>La Fundaci\u00f3n Cartier de arte contempor\u00e1neo, que acaba de concluir una exitosa exposici\u00f3n sobre los \u00e1rboles, regresa con fuerza sobre la ecolog\u00eda y el futuro del planeta, con unas 300 fotograf\u00edas tomadas por Andujar, nacida en Suiza en 1931 en el seno de una familia de origen jud\u00edo y protestante, y superviviente del Holocausto.<\/p>\n<p>La fot\u00f3grafa fue aceptada entre los yanomami que viven en la cuenca del r\u00edo Catrimani compartiendo su vida. Los visit\u00f3 en numerosas ocasiones a partir de 1971. Un misionero, el padre Carlo Zacquini, le hizo descubrir ese pueblo ind\u00edgena.<\/p>\n<p>Seg\u00fan la tradici\u00f3n, las fotos de quienes ya murieron deber\u00edan destruirse, pero los jefes yanomami aceptaron utilizarlas como testigos del recorte de sus derechos.<\/p>\n<p>Andujar se impregn\u00f3 de los mitos que pueblan la psicolog\u00eda de los yanomami, alej\u00e1ndose de la foto-documental. Adapt\u00f3 sus im\u00e1genes para darles un aspecto surrealista: grandes \u00e1ngulos, vaselina sobre el objetivo, pel\u00edcula infrarroja, filtros. Los rayos de luz abundan, hay humo en las escenas, lo que da una dimensi\u00f3n trascendente, misteriosa.<\/p>\n<p>Son captados en la intimidad de sus casas colectivas, las yano. Tambi\u00e9n documenta el reahu, ceremonia de alianzas y rito funerario, durante la cual los j\u00f3venes bailarines consumen polvos alucin\u00f3genos. Juega con una obturaci\u00f3n lenta, utiliza flashes y candiles para provocar brillantez y falta de nitidez. Mezcla escenas, mostrando las conexiones espirituales de la comunidad.<\/p>\n<p>La muestra, que ya se expuso en R\u00edo bajo otro formato y viajar\u00e1 a Suiza, Italia y Espa\u00f1a, estar\u00e1 abierta hasta el 10 de mayo.<\/p>\n<p>AFP<\/p>\n","protected":false},"excerpt":{"rendered":"<p>El rostro de un ni\u00f1o que se refresca en un <a href=\"https:\/\/sertv.gob.pa\/crisolfm\/muestra-expone-el-misticismo-de-los-yanomami\/\"> [&#8230;]<\/a><\/p>\n","protected":false},"author":64,"featured_media":26168,"comment_status":"closed","ping_status":"closed","sticky":false,"template":"","format":"standard","meta":{"footnotes":""},"categories":[6],"tags":[],"class_list":["post-26167","post","type-post","status-publish","format-standard","has-post-thumbnail","hentry","category-culturales"],"_links":{"self":[{"href":"https:\/\/sertv.gob.pa\/crisolfm\/wp-json\/wp\/v2\/posts\/26167","targetHints":{"allow":["GET"]}}],"collection":[{"href":"https:\/\/sertv.gob.pa\/crisolfm\/wp-json\/wp\/v2\/posts"}],"about":[{"href":"https:\/\/sertv.gob.pa\/crisolfm\/wp-json\/wp\/v2\/types\/post"}],"author":[{"embeddable":true,"href":"https:\/\/sertv.gob.pa\/crisolfm\/wp-json\/wp\/v2\/users\/64"}],"replies":[{"embeddable":true,"href":"https:\/\/sertv.gob.pa\/crisolfm\/wp-json\/wp\/v2\/comments?post=26167"}],"version-history":[{"count":1,"href":"https:\/\/sertv.gob.pa\/crisolfm\/wp-json\/wp\/v2\/posts\/26167\/revisions"}],"predecessor-version":[{"id":26169,"href":"https:\/\/sertv.gob.pa\/crisolfm\/wp-json\/wp\/v2\/posts\/26167\/revisions\/26169"}],"wp:featuredmedia":[{"embeddable":true,"href":"https:\/\/sertv.gob.pa\/crisolfm\/wp-json\/wp\/v2\/media\/26168"}],"wp:attachment":[{"href":"https:\/\/sertv.gob.pa\/crisolfm\/wp-json\/wp\/v2\/media?parent=26167"}],"wp:term":[{"taxonomy":"category","embeddable":true,"href":"https:\/\/sertv.gob.pa\/crisolfm\/wp-json\/wp\/v2\/categories?post=26167"},{"taxonomy":"post_tag","embeddable":true,"href":"https:\/\/sertv.gob.pa\/crisolfm\/wp-json\/wp\/v2\/tags?post=26167"}],"curies":[{"name":"wp","href":"https:\/\/api.w.org\/{rel}","templated":true}]}}