{"id":26170,"date":"2020-01-30T15:31:43","date_gmt":"2020-01-30T15:31:43","guid":{"rendered":"https:\/\/sertv.gob.pa\/crisolfm\/?p=26170"},"modified":"2020-01-30T15:31:43","modified_gmt":"2020-01-30T15:31:43","slug":"italia-rinde-homenaje-a-las-victimas-del-holocausto-al-son-de-la-musica-clasica","status":"publish","type":"post","link":"https:\/\/sertv.gob.pa\/crisolfm\/italia-rinde-homenaje-a-las-victimas-del-holocausto-al-son-de-la-musica-clasica\/","title":{"rendered":"Italia rinde homenaje a las v\u00edctimas del Holocausto al son de la m\u00fasica cl\u00e1sica"},"content":{"rendered":"<p>\u201cNunca lo olvidaremos\u201d, fueron las palabras con las que el embajador de Italia en Panam\u00e1, Massimo Ambrosetti, dio inicio a la noche cultural en conmemoraci\u00f3n de la liberaci\u00f3n de los prisioneros jud\u00edos de Auschwitz-Birkenau hace ya tres cuartos de siglo. La velada estuvo tintada de nostalgia y melod\u00edas que narran las emociones del pueblo italiano desde entonces hasta la actualidad.<\/p>\n<p>El auditorio del Museo del Canal Interoce\u00e1nico de Panam\u00e1 fue el escenario donde se present\u00f3, el pasado 28 de enero, el Gran D\u00fao Italiano, conformado por la pianista Angela Meluso y el violinista Mauro Totorelli, quienes a trav\u00e9s de sus instrumentos llenaron el ambiente con la memoria del maestro \u00edtalo-jud\u00edo del siglo XIX Mario Castelnuovo Tedesco.<\/p>\n<p>&nbsp;<\/p>\n","protected":false},"excerpt":{"rendered":"<p>\u201cNunca lo olvidaremos\u201d, fueron las palabras con las que el <a href=\"https:\/\/sertv.gob.pa\/crisolfm\/italia-rinde-homenaje-a-las-victimas-del-holocausto-al-son-de-la-musica-clasica\/\"> [&#8230;]<\/a><\/p>\n","protected":false},"author":64,"featured_media":26171,"comment_status":"closed","ping_status":"closed","sticky":false,"template":"","format":"standard","meta":{"footnotes":""},"categories":[6],"tags":[],"class_list":["post-26170","post","type-post","status-publish","format-standard","has-post-thumbnail","hentry","category-culturales"],"_links":{"self":[{"href":"https:\/\/sertv.gob.pa\/crisolfm\/wp-json\/wp\/v2\/posts\/26170","targetHints":{"allow":["GET"]}}],"collection":[{"href":"https:\/\/sertv.gob.pa\/crisolfm\/wp-json\/wp\/v2\/posts"}],"about":[{"href":"https:\/\/sertv.gob.pa\/crisolfm\/wp-json\/wp\/v2\/types\/post"}],"author":[{"embeddable":true,"href":"https:\/\/sertv.gob.pa\/crisolfm\/wp-json\/wp\/v2\/users\/64"}],"replies":[{"embeddable":true,"href":"https:\/\/sertv.gob.pa\/crisolfm\/wp-json\/wp\/v2\/comments?post=26170"}],"version-history":[{"count":1,"href":"https:\/\/sertv.gob.pa\/crisolfm\/wp-json\/wp\/v2\/posts\/26170\/revisions"}],"predecessor-version":[{"id":26172,"href":"https:\/\/sertv.gob.pa\/crisolfm\/wp-json\/wp\/v2\/posts\/26170\/revisions\/26172"}],"wp:featuredmedia":[{"embeddable":true,"href":"https:\/\/sertv.gob.pa\/crisolfm\/wp-json\/wp\/v2\/media\/26171"}],"wp:attachment":[{"href":"https:\/\/sertv.gob.pa\/crisolfm\/wp-json\/wp\/v2\/media?parent=26170"}],"wp:term":[{"taxonomy":"category","embeddable":true,"href":"https:\/\/sertv.gob.pa\/crisolfm\/wp-json\/wp\/v2\/categories?post=26170"},{"taxonomy":"post_tag","embeddable":true,"href":"https:\/\/sertv.gob.pa\/crisolfm\/wp-json\/wp\/v2\/tags?post=26170"}],"curies":[{"name":"wp","href":"https:\/\/api.w.org\/{rel}","templated":true}]}}