{"id":26173,"date":"2020-01-30T15:35:40","date_gmt":"2020-01-30T15:35:40","guid":{"rendered":"https:\/\/sertv.gob.pa\/crisolfm\/?p=26173"},"modified":"2020-01-30T15:35:40","modified_gmt":"2020-01-30T15:35:40","slug":"diez-esculturas-de-salvador-dali-robadas-de-una-galeria-en-estocolmo","status":"publish","type":"post","link":"https:\/\/sertv.gob.pa\/crisolfm\/diez-esculturas-de-salvador-dali-robadas-de-una-galeria-en-estocolmo\/","title":{"rendered":"Diez esculturas de Salvador Dal\u00ed robadas de una galer\u00eda en Estocolmo"},"content":{"rendered":"<p>Diez esculturas del maestro del surrealismo Salvador Dal\u00ed fueron robadas el jueves en una galer\u00eda en Estocolmo, declar\u00f3 el propietario del lugar a la AFP.<\/p>\n<p>Los ladrones rompieron la puerta acristalada de la galer\u00eda Couleur, en el elegante barrio de \u00d6stermalm, y se llevaron las obras, estimadas entre 20.000 y 50.000 euros cada una, antes de huir en un veh\u00edculo, seg\u00fan testigos.<\/p>\n<p>Las esculturas de bronce, que representan, entre otras cosas, el famoso reloj blando del artista catal\u00e1n, del que existen unos 350 ejemplares numerados en el mundo, proced\u00edan de una colecci\u00f3n suiza y hab\u00edan sido prestadas.<\/p>\n<p>Peder Enstr\u00f6m, propietario de la galer\u00eda, consider\u00f3 que \u00ab3, 4, 5 o incluso 6 personas\u00bb podr\u00edan haber sido responsables del robo.<\/p>\n<p>\u00abNo se llevaron los certificados (de autenticidad de las obras), lo que es bueno, porque va a ser muy complicado vender las esculturas sin estos documentos\u00bb, a\u00f1adi\u00f3.<\/p>\n<p>AFP<\/p>\n","protected":false},"excerpt":{"rendered":"<p>Diez esculturas del maestro del surrealismo Salvador Dal\u00ed fueron robadas <a href=\"https:\/\/sertv.gob.pa\/crisolfm\/diez-esculturas-de-salvador-dali-robadas-de-una-galeria-en-estocolmo\/\"> [&#8230;]<\/a><\/p>\n","protected":false},"author":64,"featured_media":26174,"comment_status":"closed","ping_status":"closed","sticky":false,"template":"","format":"standard","meta":{"footnotes":""},"categories":[6],"tags":[],"class_list":["post-26173","post","type-post","status-publish","format-standard","has-post-thumbnail","hentry","category-culturales"],"_links":{"self":[{"href":"https:\/\/sertv.gob.pa\/crisolfm\/wp-json\/wp\/v2\/posts\/26173","targetHints":{"allow":["GET"]}}],"collection":[{"href":"https:\/\/sertv.gob.pa\/crisolfm\/wp-json\/wp\/v2\/posts"}],"about":[{"href":"https:\/\/sertv.gob.pa\/crisolfm\/wp-json\/wp\/v2\/types\/post"}],"author":[{"embeddable":true,"href":"https:\/\/sertv.gob.pa\/crisolfm\/wp-json\/wp\/v2\/users\/64"}],"replies":[{"embeddable":true,"href":"https:\/\/sertv.gob.pa\/crisolfm\/wp-json\/wp\/v2\/comments?post=26173"}],"version-history":[{"count":1,"href":"https:\/\/sertv.gob.pa\/crisolfm\/wp-json\/wp\/v2\/posts\/26173\/revisions"}],"predecessor-version":[{"id":26175,"href":"https:\/\/sertv.gob.pa\/crisolfm\/wp-json\/wp\/v2\/posts\/26173\/revisions\/26175"}],"wp:featuredmedia":[{"embeddable":true,"href":"https:\/\/sertv.gob.pa\/crisolfm\/wp-json\/wp\/v2\/media\/26174"}],"wp:attachment":[{"href":"https:\/\/sertv.gob.pa\/crisolfm\/wp-json\/wp\/v2\/media?parent=26173"}],"wp:term":[{"taxonomy":"category","embeddable":true,"href":"https:\/\/sertv.gob.pa\/crisolfm\/wp-json\/wp\/v2\/categories?post=26173"},{"taxonomy":"post_tag","embeddable":true,"href":"https:\/\/sertv.gob.pa\/crisolfm\/wp-json\/wp\/v2\/tags?post=26173"}],"curies":[{"name":"wp","href":"https:\/\/api.w.org\/{rel}","templated":true}]}}