{"id":26197,"date":"2020-01-30T16:47:23","date_gmt":"2020-01-30T16:47:23","guid":{"rendered":"https:\/\/sertv.gob.pa\/crisolfm\/?p=26197"},"modified":"2020-01-30T16:47:23","modified_gmt":"2020-01-30T16:47:23","slug":"mcdonalds-espana-retira-las-pajitas-de-plastico-un-gesto-insuficiente","status":"publish","type":"post","link":"https:\/\/sertv.gob.pa\/crisolfm\/mcdonalds-espana-retira-las-pajitas-de-plastico-un-gesto-insuficiente\/","title":{"rendered":"McDonald&#8217;s Espa\u00f1a retira las pajitas de pl\u00e1stico, un \u2018gesto\u2019 insuficiente"},"content":{"rendered":"<p>El pr\u00f3ximo 24 de febrero, McDonald&#8217;s retirar\u00e1 todas las pajitas de pl\u00e1stico de sus restaurantes ubicados en Espa\u00f1a.<\/p>\n<p>Esta medida se enmarca en su compromiso de <strong>reducir un 40% el consumo de pl\u00e1stico<\/strong> para finales de 2020, hasta un total de 1.350 toneladas de este material a lo largo del a\u00f1o.<\/p>\n<p>En una rueda de prensa este martes en uno de sus establecimientos en Madrid, McDonald&#8217;s ha presentado su compromiso con el medio ambiente, en un movimiento que denomina &#8216;Happy change&#8217; y que se centra en tres puntos principales, energ\u00eda y movilidad el\u00e9ctrica, reciclado y envases.<\/p>\n<p>La compa\u00f1\u00eda es consciente que el futuro necesita la \u00abcolaboraci\u00f3n\u00bb de todos los actores y que \u00abel cambio ha de ser de todos\u00bb.<\/p>\n<p>As\u00ed lo ha dicho el director general de McDonald&#8217;s Espa\u00f1a, John Alves, que ha afirmado que se trata de \u00abun cambio en positivo para frenar el cambio clim\u00e1tico, que<strong> implica una mayor concienciaci\u00f3n<\/strong>\u00bb sobre el impacto que tienen nuestras acciones y que ninguna compa\u00f1\u00eda puede hacer sola.<\/p>\n<p>\u00abCreemos que, cuantos m\u00e1s seamos, m\u00e1s grande y positivo ser\u00e1 este impacto\u00bb, ha reiterado.<\/p>\n<p>Adem\u00e1s de la retirada de las pajitas de pl\u00e1stico, que se pone en marcha bajo el lema &#8216;Lo natural es beber sin pajita&#8217;, McDonald&#8217;s ha anunciado una hoja de ruta que contempla la sustituci\u00f3n de otros envases de pl\u00e1stico de un solo uso, como los cubiertos de pl\u00e1stico o los palitos de los globos, adelant\u00e1ndose as\u00ed a la trasposici\u00f3n de la normativa comunitaria para prohibir y reducir los pl\u00e1sticos de un solo uso.<\/p>\n<p>ECOticias<\/p>\n","protected":false},"excerpt":{"rendered":"<p>El pr\u00f3ximo 24 de febrero, McDonald&#8217;s retirar\u00e1 todas las pajitas <a href=\"https:\/\/sertv.gob.pa\/crisolfm\/mcdonalds-espana-retira-las-pajitas-de-plastico-un-gesto-insuficiente\/\"> [&#8230;]<\/a><\/p>\n","protected":false},"author":64,"featured_media":26198,"comment_status":"closed","ping_status":"closed","sticky":false,"template":"","format":"standard","meta":{"footnotes":""},"categories":[7],"tags":[],"class_list":["post-26197","post","type-post","status-publish","format-standard","has-post-thumbnail","hentry","category-ecologicas"],"_links":{"self":[{"href":"https:\/\/sertv.gob.pa\/crisolfm\/wp-json\/wp\/v2\/posts\/26197","targetHints":{"allow":["GET"]}}],"collection":[{"href":"https:\/\/sertv.gob.pa\/crisolfm\/wp-json\/wp\/v2\/posts"}],"about":[{"href":"https:\/\/sertv.gob.pa\/crisolfm\/wp-json\/wp\/v2\/types\/post"}],"author":[{"embeddable":true,"href":"https:\/\/sertv.gob.pa\/crisolfm\/wp-json\/wp\/v2\/users\/64"}],"replies":[{"embeddable":true,"href":"https:\/\/sertv.gob.pa\/crisolfm\/wp-json\/wp\/v2\/comments?post=26197"}],"version-history":[{"count":1,"href":"https:\/\/sertv.gob.pa\/crisolfm\/wp-json\/wp\/v2\/posts\/26197\/revisions"}],"predecessor-version":[{"id":26199,"href":"https:\/\/sertv.gob.pa\/crisolfm\/wp-json\/wp\/v2\/posts\/26197\/revisions\/26199"}],"wp:featuredmedia":[{"embeddable":true,"href":"https:\/\/sertv.gob.pa\/crisolfm\/wp-json\/wp\/v2\/media\/26198"}],"wp:attachment":[{"href":"https:\/\/sertv.gob.pa\/crisolfm\/wp-json\/wp\/v2\/media?parent=26197"}],"wp:term":[{"taxonomy":"category","embeddable":true,"href":"https:\/\/sertv.gob.pa\/crisolfm\/wp-json\/wp\/v2\/categories?post=26197"},{"taxonomy":"post_tag","embeddable":true,"href":"https:\/\/sertv.gob.pa\/crisolfm\/wp-json\/wp\/v2\/tags?post=26197"}],"curies":[{"name":"wp","href":"https:\/\/api.w.org\/{rel}","templated":true}]}}