{"id":26200,"date":"2020-01-30T18:10:51","date_gmt":"2020-01-30T18:10:51","guid":{"rendered":"https:\/\/sertv.gob.pa\/crisolfm\/?p=26200"},"modified":"2020-01-30T18:10:51","modified_gmt":"2020-01-30T18:10:51","slug":"25-jovenes-se-embarcaran-rumbo-a-la-cop26","status":"publish","type":"post","link":"https:\/\/sertv.gob.pa\/crisolfm\/25-jovenes-se-embarcaran-rumbo-a-la-cop26\/","title":{"rendered":"25 j\u00f3venes se embarcar\u00e1n rumbo a la COP26"},"content":{"rendered":"<p>25 j\u00f3venes ind\u00edgenas, latinoamericanos, caribe\u00f1os y europeos zarpar\u00e1n el 20 de febrero desde el puerto de Cartagena de Indias (Colombia) en un velero para cruzar el Atl\u00e1ntico para llegar a Bonn (Alemania) y asistir a la COP26.<\/p>\n<p>El viaje tendr\u00e1 una <strong>duraci\u00f3n de dos meses<\/strong> y est\u00e1 organizado por &#8216;Sail For Climate Action&#8217;, que est\u00e1 formado por un equipo interdisciplinario de j\u00f3venes de Am\u00e9rica Latina y Europa que quieren fortalecer la voz de los activistas clim\u00e1ticos.<\/p>\n<p>El proyecto busca dar a los navegantes, afectados por la crisis clim\u00e1tica, una plataforma para compartir sus historias y a convertirse en un nuevo movimiento global por el clima en el que todos los actores se sientan \u00abrepresentados\u00bb y donde \u00abtodas las voces sean valoradas por igual\u00bb.<\/p>\n<p>El viaje est\u00e1 organizado por diez j\u00f3venes que han iniciado un proceso de selecci\u00f3n para elegir a los <strong>25 participantes de distintos pa\u00edses<\/strong>.<\/p>\n<p>Antes de llegar el 16 de abril a \u00c1msterdam, los j\u00f3venes, que navegar\u00e1n en la goleta de tres m\u00e1stiles Regina Maris, har\u00e1 escalas en Jamaica, Bermudas, Azores y Francia, antes de llegar a Pa\u00edses Bajos.<\/p>\n<p>Durante la conferencia tratar\u00e1n de presionar a los responsables de la toma de decisiones para que se comprometan a combatir la crisis clim\u00e1tica a nivel internacional.<\/p>\n<p>ECOticias<\/p>\n","protected":false},"excerpt":{"rendered":"<p>25 j\u00f3venes ind\u00edgenas, latinoamericanos, caribe\u00f1os y europeos zarpar\u00e1n el 20 <a href=\"https:\/\/sertv.gob.pa\/crisolfm\/25-jovenes-se-embarcaran-rumbo-a-la-cop26\/\"> [&#8230;]<\/a><\/p>\n","protected":false},"author":64,"featured_media":26201,"comment_status":"closed","ping_status":"closed","sticky":false,"template":"","format":"standard","meta":{"footnotes":""},"categories":[7],"tags":[],"class_list":["post-26200","post","type-post","status-publish","format-standard","has-post-thumbnail","hentry","category-ecologicas"],"_links":{"self":[{"href":"https:\/\/sertv.gob.pa\/crisolfm\/wp-json\/wp\/v2\/posts\/26200","targetHints":{"allow":["GET"]}}],"collection":[{"href":"https:\/\/sertv.gob.pa\/crisolfm\/wp-json\/wp\/v2\/posts"}],"about":[{"href":"https:\/\/sertv.gob.pa\/crisolfm\/wp-json\/wp\/v2\/types\/post"}],"author":[{"embeddable":true,"href":"https:\/\/sertv.gob.pa\/crisolfm\/wp-json\/wp\/v2\/users\/64"}],"replies":[{"embeddable":true,"href":"https:\/\/sertv.gob.pa\/crisolfm\/wp-json\/wp\/v2\/comments?post=26200"}],"version-history":[{"count":1,"href":"https:\/\/sertv.gob.pa\/crisolfm\/wp-json\/wp\/v2\/posts\/26200\/revisions"}],"predecessor-version":[{"id":26202,"href":"https:\/\/sertv.gob.pa\/crisolfm\/wp-json\/wp\/v2\/posts\/26200\/revisions\/26202"}],"wp:featuredmedia":[{"embeddable":true,"href":"https:\/\/sertv.gob.pa\/crisolfm\/wp-json\/wp\/v2\/media\/26201"}],"wp:attachment":[{"href":"https:\/\/sertv.gob.pa\/crisolfm\/wp-json\/wp\/v2\/media?parent=26200"}],"wp:term":[{"taxonomy":"category","embeddable":true,"href":"https:\/\/sertv.gob.pa\/crisolfm\/wp-json\/wp\/v2\/categories?post=26200"},{"taxonomy":"post_tag","embeddable":true,"href":"https:\/\/sertv.gob.pa\/crisolfm\/wp-json\/wp\/v2\/tags?post=26200"}],"curies":[{"name":"wp","href":"https:\/\/api.w.org\/{rel}","templated":true}]}}