{"id":26205,"date":"2020-01-31T13:32:21","date_gmt":"2020-01-31T13:32:21","guid":{"rendered":"https:\/\/sertv.gob.pa\/crisolfm\/?p=26205"},"modified":"2020-01-31T13:32:21","modified_gmt":"2020-01-31T13:32:21","slug":"ministerio-de-cultura-lanza-base-de-datos-de-las-industrias-culturales-del-pais","status":"publish","type":"post","link":"https:\/\/sertv.gob.pa\/crisolfm\/ministerio-de-cultura-lanza-base-de-datos-de-las-industrias-culturales-del-pais\/","title":{"rendered":"Ministerio de Cultura lanza base de datos de las industrias culturales del pa\u00eds"},"content":{"rendered":"<p>El <a href=\"https:\/\/www.prensa.com\/tema\/ministerio-de-cultura\/\" target=\"_blank\" rel=\"noopener\">Ministerio de Cultura<\/a> (MiCultura) lanz\u00f3 este jueves 30 de enero la campa\u00f1a \u201cS\u00famate Ya\u201d, con el prop\u00f3sito de formar una base de datos que robustezca el acceso de distintos actores de las industrias culturales a los programas del ministerio. La iniciativa, de la reci\u00e9n creada Direcci\u00f3n de Industrias Creativas y Culturales, busca acercarse tanto a emprendedores como a trabajadores de las industrias de la danza, el cine, la gastronom\u00eda, la literatura, el teatro y la moda, entre otros.<\/p>\n<p>La directora de Econom\u00eda Creativa de MiCultura, Maru G\u00e1lvez, destac\u00f3 que la creaci\u00f3n de esa base de datos, que se puede acceder a trav\u00e9s de la p\u00e1gina web del Ministerio <a href=\"http:\/\/micultura.gob.pa\/\" target=\"_blank\" rel=\"noopener\">www.micultura.gob.pa<\/a>, tiene como otro de sus objetivos reunir a los tres componentes de la econom\u00eda creativa como las industrias creativas, culturales y el turismo cultural.<\/p>\n<p>La encuesta busca recabar informaci\u00f3n de todas aquellas personas que se consideran parte de las industrias culturales. El cuestionario se dirige tanto a personas naturales, as\u00ed como a emprendedores y empresas.<\/p>\n<p>&nbsp;<\/p>\n","protected":false},"excerpt":{"rendered":"<p>El Ministerio de Cultura (MiCultura) lanz\u00f3 este jueves 30 de <a href=\"https:\/\/sertv.gob.pa\/crisolfm\/ministerio-de-cultura-lanza-base-de-datos-de-las-industrias-culturales-del-pais\/\"> [&#8230;]<\/a><\/p>\n","protected":false},"author":64,"featured_media":26206,"comment_status":"closed","ping_status":"closed","sticky":false,"template":"","format":"standard","meta":{"footnotes":""},"categories":[6],"tags":[],"class_list":["post-26205","post","type-post","status-publish","format-standard","has-post-thumbnail","hentry","category-culturales"],"_links":{"self":[{"href":"https:\/\/sertv.gob.pa\/crisolfm\/wp-json\/wp\/v2\/posts\/26205","targetHints":{"allow":["GET"]}}],"collection":[{"href":"https:\/\/sertv.gob.pa\/crisolfm\/wp-json\/wp\/v2\/posts"}],"about":[{"href":"https:\/\/sertv.gob.pa\/crisolfm\/wp-json\/wp\/v2\/types\/post"}],"author":[{"embeddable":true,"href":"https:\/\/sertv.gob.pa\/crisolfm\/wp-json\/wp\/v2\/users\/64"}],"replies":[{"embeddable":true,"href":"https:\/\/sertv.gob.pa\/crisolfm\/wp-json\/wp\/v2\/comments?post=26205"}],"version-history":[{"count":1,"href":"https:\/\/sertv.gob.pa\/crisolfm\/wp-json\/wp\/v2\/posts\/26205\/revisions"}],"predecessor-version":[{"id":26207,"href":"https:\/\/sertv.gob.pa\/crisolfm\/wp-json\/wp\/v2\/posts\/26205\/revisions\/26207"}],"wp:featuredmedia":[{"embeddable":true,"href":"https:\/\/sertv.gob.pa\/crisolfm\/wp-json\/wp\/v2\/media\/26206"}],"wp:attachment":[{"href":"https:\/\/sertv.gob.pa\/crisolfm\/wp-json\/wp\/v2\/media?parent=26205"}],"wp:term":[{"taxonomy":"category","embeddable":true,"href":"https:\/\/sertv.gob.pa\/crisolfm\/wp-json\/wp\/v2\/categories?post=26205"},{"taxonomy":"post_tag","embeddable":true,"href":"https:\/\/sertv.gob.pa\/crisolfm\/wp-json\/wp\/v2\/tags?post=26205"}],"curies":[{"name":"wp","href":"https:\/\/api.w.org\/{rel}","templated":true}]}}